{"id":26023,"global_id":"centrumjudaicum.de\/en?id=26023","global_id_lineage":["centrumjudaicum.de\/en?id=26023"],"author":"3","status":"publish","date":"2025-12-09 16:10:26","date_utc":"2025-12-09 15:10:26","modified":"2026-03-09 16:53:56","modified_utc":"2026-03-09 15:53:56","url":"https:\/\/centrumjudaicum.de\/en\/veranstaltung\/queerness-im-judentum-2\/","rest_url":"https:\/\/centrumjudaicum.de\/en\/wp-json\/tribe\/events\/v1\/events\/26023","title":"Queerness im Judentum dt","description":"<div  class=\"tribe-events-schedule tribe-clearfix\" >\n\t<p class=\"tribe-events-schedule__datetime\">\n\t\t<span class=\"tribe-events-schedule__date tribe-events-schedule__date--start\">\n\t\t\t\t\t<\/span>\n\n\t\t\t\t\t<span class=\"tribe-events-schedule__separator tribe-events-schedule__separator--date\">\n\t\t\t\t&#8211;\t\t\t<\/span>\n\t\t\t<span class=\"tribe-events-schedule__time tribe-events-schedule__time--start\">\n\t\t\t\t\t\t\t<\/span>\n\t\t\n\t\t\t<\/p>\n<\/div>\n\n\n\n<p>Anhand von Beispielen aus religi\u00f6sen Texten und modernen Konflikten innerhalb j\u00fcdischer Gruppen wenden wir uns auf der F\u00fchrung u.a. der Geschichte der Queerness im Judentum zu. Dabei betrachten wir auch das Leben queerer J\u00fcdinnen und Juden wie z.B. des Widerstandsk\u00e4mpfers Herbert Budzidzslawski und der Sozialarbeiterin Hannah Karminski. Beide lebten, liebten und k\u00e4mpften ganz in der N\u00e4he unseres Hauses.<\/p>\n\n\n\n<p>Die F\u00fchrung geht durch die Neue Synagoge Berlin und die nahe Umgebung in der Spandauer Vorstadt, wo es nicht nur um die traditionelle Rolle der Frau im Judentum, sondern auch um j\u00fcdische Frauen wie Regina Jonas geht. Als erste Rabbinerin der Weltgeschichte erk\u00e4mpfte Regina Jonas nicht nur neue Handlungsspielr\u00e4ume, sondern sprengte ebenso vorhandene Grenzen.<\/p>\n\n\n\n<p>Zeit: 14.00\u201216.00 Uhr, 120 Minuten<br>Treffpunkt: 14.00 Uhr im Eingangsbereich des Museums<br>Bitte planen Sie Zeit f\u00fcr die Sicherheitskontrolle ein.<br>Anmeldung unter:&nbsp;info@centrumjudaicum.de<\/p>\n\n\n\n<div class=\"wp-block-buttons is-content-justification-right is-layout-flex wp-container-core-buttons-is-layout-d445cf74 wp-block-buttons-is-layout-flex\">\n<div class=\"wp-block-button\"><a class=\"wp-block-button__link has-white-color has-black-background-color has-text-color has-background has-link-color wp-element-button\" href=\"https:\/\/ticket.centrumjudaicum.de\/#\/product\/event\/57?date_id=4278\">Anmeldung<\/a><\/div>\n<\/div>\n\n\n<div  class=\"tribe-block tribe-block__event-price\" >\n\t\t<\/div>\n\n\n<div  class=\"tribe-block tribe-block__organizer__details tribe-clearfix\" >\n\t<div class=\"tribe-block__organizer__title\">\n\t\t<h3><a href=\"https:\/\/centrumjudaicum.de\/en\/organizer\/stiftung-neue-synagoge-berlin-centrum-judaicum-2\/\" title=\"Stiftung Neue Synagoge Berlin &#8211; Centrum Judaicum\" target=\"_self\" rel=\"\">Stiftung Neue Synagoge Berlin &#8211; Centrum Judaicum<\/a><\/h3>\n\t<\/div>\n\t\t\t<\/div>\n\n\n<div  class=\"tribe-block tribe-block__venue tribe-clearfix\" >\n\t\n\t\t\n\t<\/div>\n\n\n\n\n\t<div  class=\"tribe-block tribe-block__events-link\" >\n\t\t<div class=\"tribe-events tribe-common\">\n\t\t\t<div class=\"tribe-events-c-subscribe-dropdown__container\">\n\t\t\t\t<div class=\"tribe-events-c-subscribe-dropdown\">\n\t\t\t\t\t<div class=\"tribe-common-c-btn-border tribe-events-c-subscribe-dropdown__button\">\n\t\t\t\t\t\t<svg\n\t class=\"tribe-common-c-svgicon tribe-common-c-svgicon--cal-export tribe-events-c-subscribe-dropdown__export-icon\" \taria-hidden=\"true\"\n\tviewBox=\"0 0 23 17\"\n\txmlns=\"http:\/\/www.w3.org\/2000\/svg\"\n>\n\t<path fill-rule=\"evenodd\" clip-rule=\"evenodd\" d=\"M.128.896V16.13c0 .211.145.383.323.383h15.354c.179 0 .323-.172.323-.383V.896c0-.212-.144-.383-.323-.383H.451C.273.513.128.684.128.896Zm16 6.742h-.901V4.679H1.009v10.729h14.218v-3.336h.901V7.638ZM1.01 1.614h14.218v2.058H1.009V1.614Z\" \/>\n\t<path d=\"M20.5 9.846H8.312M18.524 6.953l2.89 2.909-2.855 2.855\" stroke-width=\"1.2\" stroke-linecap=\"round\" stroke-linejoin=\"round\"\/>\n<\/svg>\n\t\t\t\t\t\t<button\n\t\t\t\t\t\t\tclass=\"tribe-events-c-subscribe-dropdown__button-text\"\n\t\t\t\t\t\t\taria-expanded=\"false\"\n\t\t\t\t\t\t\taria-controls=\"tribe-events-subscribe-dropdown-content\"\n\t\t\t\t\t\t\taria-label=\"View links to add events to your calendar\"\n\t\t\t\t\t\t>\n\t\t\t\t\t\t\tAdd to calendar\t\t\t\t\t\t<\/button>\n\t\t\t\t\t\t<svg\n\t class=\"tribe-common-c-svgicon tribe-common-c-svgicon--caret-down tribe-events-c-subscribe-dropdown__button-icon\" \taria-hidden=\"true\"\n\tviewBox=\"0 0 10 7\"\n\txmlns=\"http:\/\/www.w3.org\/2000\/svg\"\n>\n\t<path fill-rule=\"evenodd\" clip-rule=\"evenodd\" d=\"M1.008.609L5 4.6 8.992.61l.958.958L5 6.517.05 1.566l.958-.958z\" class=\"tribe-common-c-svgicon__svg-fill\"\/>\n<\/svg>\n\t\t\t\t\t<\/div>\n\t\t\t\t\t<div id=\"tribe-events-subscribe-dropdown-content\" class=\"tribe-events-c-subscribe-dropdown__content\">\n\t\t\t\t\t\t<ul class=\"tribe-events-c-subscribe-dropdown__list\">\n\t\t\t\t\t\t\t\t\t\t\t\t\t\t\t<li class=\"tribe-events-c-subscribe-dropdown__list-item tribe-events-c-subscribe-dropdown__list-item--gcal\">\n\t\t\t\t\t\t\t\t\t<a\n\t\t\t\t\t\t\t\t\t\thref=\"\"\n\t\t\t\t\t\t\t\t\t\tclass=\"tribe-events-c-subscribe-dropdown__list-item-link\"\n\t\t\t\t\t\t\t\t\t\ttarget=\"_blank\"\n\t\t\t\t\t\t\t\t\t\trel=\"noopener noreferrer nofollow noindex\"\n\t\t\t\t\t\t\t\t\t>\n\t\t\t\t\t\t\t\t\t\tGoogle Calendar\t\t\t\t\t\t\t\t\t<\/a>\n\t\t\t\t\t\t\t\t<\/li>\n\t\t\t\t\t\t\t\t\t\t\t\t\t\t\t<li class=\"tribe-events-c-subscribe-dropdown__list-item tribe-events-c-subscribe-dropdown__list-item--ical\">\n\t\t\t\t\t\t\t\t\t<a\n\t\t\t\t\t\t\t\t\t\thref=\"\"\n\t\t\t\t\t\t\t\t\t\tclass=\"tribe-events-c-subscribe-dropdown__list-item-link\"\n\t\t\t\t\t\t\t\t\t\ttarget=\"_blank\"\n\t\t\t\t\t\t\t\t\t\trel=\"noopener noreferrer nofollow noindex\"\n\t\t\t\t\t\t\t\t\t>\n\t\t\t\t\t\t\t\t\t\tiCalendar\t\t\t\t\t\t\t\t\t<\/a>\n\t\t\t\t\t\t\t\t<\/li>\n\t\t\t\t\t\t\t\t\t\t\t\t\t\t\t<li class=\"tribe-events-c-subscribe-dropdown__list-item tribe-events-c-subscribe-dropdown__list-item--outlook-365\">\n\t\t\t\t\t\t\t\t\t<a\n\t\t\t\t\t\t\t\t\t\thref=\"\"\n\t\t\t\t\t\t\t\t\t\tclass=\"tribe-events-c-subscribe-dropdown__list-item-link\"\n\t\t\t\t\t\t\t\t\t\ttarget=\"_blank\"\n\t\t\t\t\t\t\t\t\t\trel=\"noopener noreferrer nofollow noindex\"\n\t\t\t\t\t\t\t\t\t>\n\t\t\t\t\t\t\t\t\t\tOutlook 365\t\t\t\t\t\t\t\t\t<\/a>\n\t\t\t\t\t\t\t\t<\/li>\n\t\t\t\t\t\t\t\t\t\t\t\t\t\t\t<li class=\"tribe-events-c-subscribe-dropdown__list-item tribe-events-c-subscribe-dropdown__list-item--outlook-live\">\n\t\t\t\t\t\t\t\t\t<a\n\t\t\t\t\t\t\t\t\t\thref=\"\"\n\t\t\t\t\t\t\t\t\t\tclass=\"tribe-events-c-subscribe-dropdown__list-item-link\"\n\t\t\t\t\t\t\t\t\t\ttarget=\"_blank\"\n\t\t\t\t\t\t\t\t\t\trel=\"noopener noreferrer nofollow noindex\"\n\t\t\t\t\t\t\t\t\t>\n\t\t\t\t\t\t\t\t\t\tOutlook Live\t\t\t\t\t\t\t\t\t<\/a>\n\t\t\t\t\t\t\t\t<\/li>\n\t\t\t\t\t\t\t\t\t\t\t\t\t<\/ul>\n\t\t\t\t\t<\/div>\n\t\t\t\t<\/div>\n\t\t\t<\/div>\n\t\t<\/div>\n\t<\/div>\n\n\n\n\n<p><\/p>","excerpt":"","slug":"queerness-im-judentum-2","image":{"url":"https:\/\/centrumjudaicum.de\/wp-content\/uploads\/2023\/08\/Queerness-im-Judentum-2-1-ytW7n2.tmp_.png","id":16355,"extension":"png","width":600,"height":400,"filesize":88892,"sizes":{"medium":{"width":300,"height":200,"mime-type":"image\/png","filesize":69162,"url":"https:\/\/centrumjudaicum.de\/wp-content\/uploads\/2023\/08\/Queerness-im-Judentum-2-1-ytW7n2.tmp_-300x200.png"},"thumbnail":{"width":150,"height":150,"mime-type":"image\/png","filesize":29212,"url":"https:\/\/centrumjudaicum.de\/wp-content\/uploads\/2023\/08\/Queerness-im-Judentum-2-1-ytW7n2.tmp_-150x150.png"}}},"all_day":false,"start_date":"2026-07-24 14:00:00","start_date_details":{"year":"2026","month":"07","day":"24","hour":"14","minutes":"00","seconds":"00"},"end_date":"2026-07-24 16:00:00","end_date_details":{"year":"2026","month":"07","day":"24","hour":"16","minutes":"00","seconds":"00"},"utc_start_date":"2026-07-24 12:00:00","utc_start_date_details":{"year":"2026","month":"07","day":"24","hour":"12","minutes":"00","seconds":"00"},"utc_end_date":"2026-07-24 14:00:00","utc_end_date_details":{"year":"2026","month":"07","day":"24","hour":"14","minutes":"00","seconds":"00"},"timezone":"Europe\/Berlin","timezone_abbr":"","cost":"Kostenlos","cost_details":{"currency_symbol":"\u20ac","currency_code":"USD","currency_position":"suffix","values":["kostenlos"]},"website":"","show_map":false,"show_map_link":false,"hide_from_listings":false,"sticky":false,"featured":false,"categories":[{"name":"F\u00fchrung","slug":"fuehrung","term_group":0,"term_taxonomy_id":158,"taxonomy":"tribe_events_cat","description":"","parent":0,"count":31,"filter":"raw","id":158,"urls":{"self":"https:\/\/centrumjudaicum.de\/en\/wp-json\/tribe\/events\/v1\/categories\/158","collection":"https:\/\/centrumjudaicum.de\/en\/wp-json\/tribe\/events\/v1\/categories"}}],"tags":[{"name":"Queerness","slug":"queerness","term_group":0,"term_taxonomy_id":137,"taxonomy":"post_tag","description":"","parent":0,"count":5,"filter":"raw","id":137,"urls":{"self":"https:\/\/centrumjudaicum.de\/en\/wp-json\/tribe\/events\/v1\/tags\/137","collection":"https:\/\/centrumjudaicum.de\/en\/wp-json\/tribe\/events\/v1\/tags"}}],"venue":[],"organizer":[],"custom_fields":[],"json_ld":{"@context":"http:\/\/schema.org","@type":"Event","name":"Queerness im Judentum dt","description":"&lt;p&gt;Anhand von Beispielen aus religi\u00f6sen Texten und modernen Konflikten innerhalb j\u00fcdischer Gruppen wenden wir uns auf der F\u00fchrung u.a. der Geschichte der Queerness im Judentum zu. Dabei betrachten wir auch [&hellip;]&lt;\/p&gt;\\n","image":"https:\/\/centrumjudaicum.de\/wp-content\/uploads\/2023\/08\/Queerness-im-Judentum-2-1-ytW7n2.tmp_.png","url":"https:\/\/centrumjudaicum.de\/en\/veranstaltung\/queerness-im-judentum-2\/","eventAttendanceMode":"https:\/\/schema.org\/OfflineEventAttendanceMode","eventStatus":"https:\/\/schema.org\/EventScheduled","startDate":"2026-07-24T14:00:00+02:00","endDate":"2026-07-24T16:00:00+02:00","offers":{"@type":"Offer","price":"Kostenlos","priceCurrency":"USD","url":"https:\/\/centrumjudaicum.de\/en\/veranstaltung\/queerness-im-judentum-2\/","category":"primary","availability":"inStock","validFrom":"2025-12-09T00:00:00+00:00"},"performer":"Organization"},"ticketed":false,"is_virtual":false,"virtual_url":null,"virtual_video_source":""}