{"id":11121,"date":"2021-09-28T07:53:27","date_gmt":"2021-09-28T05:53:27","guid":{"rendered":"https:\/\/centrumjudaicum.de\/?p=11121"},"modified":"2023-08-23T10:08:08","modified_gmt":"2023-08-23T08:08:08","slug":"morgenstunden-mendelssohn-lektionen-mit-david-grossmann","status":"publish","type":"post","link":"https:\/\/centrumjudaicum.de\/en\/morgenstunden-mendelssohn-lektionen-mit-david-grossmann\/","title":{"rendered":"Veranstaltungshinweis 03.10.2021 <br class=\"clear\" \/>Morgenstunden Mendelssohn-Lektionen <br class=\"clear\" \/>mit David Grossmann"},"content":{"rendered":"<div class=\"wp-block-columns is-layout-flex wp-container-core-columns-is-layout-28f84493 wp-block-columns-is-layout-flex\">\n<div class=\"wp-block-column is-layout-flow wp-block-column-is-layout-flow\" style=\"flex-basis:33.33%\">\n<figure class=\"wp-block-image size-full\"><img fetchpriority=\"high\" decoding=\"async\" width=\"600\" height=\"400\" src=\"https:\/\/centrumjudaicum.de\/wp-content\/uploads\/2021\/09\/Morgenstunden-1.jpg\" alt=\"\" class=\"wp-image-15455\" srcset=\"https:\/\/centrumjudaicum.de\/wp-content\/uploads\/2021\/09\/Morgenstunden-1.jpg 600w, https:\/\/centrumjudaicum.de\/wp-content\/uploads\/2021\/09\/Morgenstunden-1-300x200.jpg 300w\" sizes=\"(max-width: 600px) 100vw, 600px\" \/><\/figure>\n<\/div>\n\n\n\n<div class=\"wp-block-column is-layout-flow wp-block-column-is-layout-flow\" style=\"flex-basis:66.66%\">\n<p>Wie kommt Toleranz in die Welt?<\/p>\n\n\n\n<p>Was verbindet Glaube und Vernunft?<\/p>\n\n\n\n<p>Welche sicheren Antworten finden wir<\/p>\n\n\n\n<p>auf Grundfragen unserer Existenz?<\/p>\n\n\n\n<p>Warum sollten wir miteinander sprechen?<\/p>\n\n\n\n<p>\u2014\u2014\u2014\u2014\u2014\u2014\u2014\u2014\u2014\u2014\u2014\u2014\u2014\u2014\u2014\u2014\u2014\u2014\u2014\u2014-<\/p>\n\n\n\n<p>MORGENSTUNDEN #5 MENDELSSOHN-LEKTIONEN F\u00dcR BERLIN UND HAMBURG<\/p>\n\n\n\n<p>David Grossman, Schriftsteller<\/p>\n\n\n\n<p>\u00dcber das Leben mit der Literatur \u2013 Gespr\u00e4ch mit dem Journalisten Lothar M\u00fcller (Moderation \/ \u00dcbersetzung)<\/p>\n\n\n\n<p>Musikalischer Dialog: Nur Ben-Shalom (Klarinette) und Francesca Zappa (Viola) spielen von Andre Hajdu 4 Duos for Violin (Viola) and Clarinet: Nuptial Tune \u2013 Midnight Procession \u2013 Sending of the angels \u2013 Song about the Messiah<\/p>\n\n\n\n<p>Eine Veranstaltung der Berlin-Brandenburgischen Akademie der Wissenschaften, des Institutes f\u00fcr die Geschichte der deutschen Juden, der Stiftung Neue Synagoge Berlin \u2013 Centrum Judaicum, der Katholischen Akademie Hamburg und der Mendelssohn-Gesellschaft Mit Unterst\u00fctzung der Botschaft des Staates Israel, der Ilse und Dr. Horst Rusch-Stiftung und der Stiftung Preu\u00dfische Seehandlung<\/p>\n\n\n\n<p>Mendelssohn-Remise am Gendarmenmarkt \/<\/p>\n\n\n\n<p>Mendelssohn-Gesellschaft J\u00e4gerstra\u00dfe 51<\/p>\n\n\n\n<p>10117 Berlin<\/p>\n\n\n\n<p>Teilnahmegeb\u00fchr: 10 \u20ac<\/p>\n\n\n\n<p>reservierung@mendelssohn-remise.de<\/p>\n\n\n\n<p>49 (0) 30 817047 26<\/p>\n\n\n\n<p>Anmeldung und Best\u00e4tigung erforderlich, begrenzte Platzwahl.<\/p>\n\n\n\n<p>Es gelten die aktuellen Regeln zur Pandemie-Pr\u00e4vention.<\/p>\n\n\n\n<p>MORGENSTUNDEN. MENDELSSOHN-LEKTIONEN F\u00dcR BERLIN UND HAMBURG<\/p>\n\n\n\n<p>In den historischen \u201eMendelssohn-St\u00e4dten\u201c Berlin und Hamburg sollen w\u00e4hrend der kommenden Jahre, als Vorbereitung zum 300. Geburtstag Moses Mendelssohns 2029, an Orten mit Aura und besonderer Vergangenheit kompetente, erfahrene, prominente Pers\u00f6nlichkeiten sprechen: \u00fcber ihre eigene, heutige Auseinandersetzung mit den \u00e4sthetischen, existentiellen, wissenschaftlichen, religi\u00f6sen, k\u00fcnstlerischen oder politischen Lebensthemen des Philosophen, Seidenkaufmanns und Emanzipationspioniers. Der Titel der Lektionen zitiert sein letztes Werk \u201eMorgenstunden. Vorlesungen \u00fcber das Daseyn Gottes\u201c (1785).<\/p>\n\n\n\n<p>\u2014\u2014\u2014\u2014\u2014\u2014\u2014\u2014\u2014\u2014\u2014\u2014\u2014\u2014\u2014\u2014\u2014\u2014\u2014\u2014\u2014\u2014\u2014\u2014\u2014\u2014\u2014\u2014\u2014\u2014\u2014\u2014\u2014\u2014\u2014\u2013<\/p>\n\n\n\n<p>Am 6. September 2018, dem Geburtstag Moses Mendelssohns, hat Bundespr\u00e4sident a.D. Joachim Gauck den Auftakt gemacht mit Lektion #1 \u00fcber Toleranz und Streitkultur. Zur Morgenstunde #5 kommt der Schriftsteller David Grossman in die Mendelssohn-Remise, am Sonntag 3. Oktober um 11 Uhr: f\u00fcr ein Gespr\u00e4ch \u00fcber das Leben mit der Literatur.<\/p>\n\n\n\n<p>Moses Mendelssohns letztes Buch trug den Titel \u201eMorgenstunden\u201c: weil diese \u201eVorlesungen \u00fcber das Daseyn Gottes\u201c aus seinen fr\u00fchmorgendlichen Unterhaltungen mit interessierten jungen M\u00e4nnern entstanden waren. Bei der neuen \u201eMorgenstunden\u201c-Reihe geht es um den Dialog und um andere Lebensthemen Mendelssohns \u2013 im 21. Jahrhundert.<\/p>\n\n\n\n<p>Am 3. Oktober entsteht die Vormittags-Lektion David Grossmans, der 2010 den Friedenspreis des deutschen Buchhandels und 2018 den Israel Preis f\u00fcr Literatur erhalten hat, im Gespr\u00e4ch mit dem Journalisten Lothar M\u00fcller.<\/p>\n\n\n\n<p>Den Musikalischen Dialog zweier Instrumente, der zu jeder dieser \u201eMorgenstunden\u201c geh\u00f6rt, gestalten die Bratschistin Francesca Zappa und der Klarinettist Nur Ben Shalom mit einem Werk des 2016 verstorbenen israelischen Komponisten Andre Hadju.<\/p>\n\n\n\n<p>Mendelssohn-Remise \/ Mendelssohn-Gesellschaft J\u00e4gerstra\u00dfe 51<\/p>\n\n\n\n<p>10117 Berlin<\/p>\n\n\n\n<p>www.mendelssohn-gesellschaft.de<\/p>\n\n\n\n<p>49 (0) 30 817047 26<\/p>\n\n\n\n<p>Kontakt Presse Mendelssohn-Remise: 0172 3090223<\/p>\n\n\n\n<p>\u2014\u2014\u2014\u2014\u2014\u2014\u2014\u2014\u2014\u2014\u2014\u2014\u2014\u2014\u2014\u2014\u2014\u2014\u2014\u2014\u2014\u2014<\/p>\n\n\n\n<p>&lt;a href=&quot;\/en\/&ldquo;\/#&ldquo;&quot;&gt;Einladung_Morgenstunden_#5&lt;br&gt;<\/p>\n\n\n\n<p>Morgenstunden_Flyer_20210921&lt;\/a&gt;<\/p>\n<\/div>\n<\/div>","protected":false},"excerpt":{"rendered":"<p>Wie kommt Toleranz in die Welt? Was verbindet Glaube und Vernunft? Welche sicheren Antworten finden wir auf Grundfragen unserer Existenz? Warum sollten wir miteinander sprechen? \u2014\u2014\u2014\u2014\u2014\u2014\u2014\u2014\u2014\u2014\u2014\u2014\u2014\u2014\u2014\u2014\u2014\u2014\u2014\u2014- MORGENSTUNDEN #5 MENDELSSOHN-LEKTIONEN F\u00dcR [&hellip;]<\/p>\n","protected":false},"author":1,"featured_media":15192,"comment_status":"open","ping_status":"open","sticky":false,"template":"","format":"standard","meta":{"_tec_requires_first_save":true,"_price":"","_stock":"","_tribe_ticket_header":"","_tribe_default_ticket_provider":"","_tribe_ticket_capacity":"0","_ticket_start_date":"","_ticket_end_date":"","_tribe_ticket_show_description":"","_tribe_ticket_show_not_going":false,"_tribe_ticket_use_global_stock":"","_tribe_ticket_global_stock_level":"","_global_stock_mode":"","_global_stock_cap":"","_tribe_rsvp_for_event":"","_tribe_ticket_going_count":"","_tribe_ticket_not_going_count":"","_tribe_tickets_list":"[]","_tribe_ticket_has_attendee_info_fields":false,"_EventAllDay":false,"_EventTimezone":"","_EventStartDate":"","_EventEndDate":"","_EventStartDateUTC":"","_EventEndDateUTC":"","_EventShowMap":false,"_EventShowMapLink":false,"_EventURL":"","_EventCost":"","_EventCostDescription":"","_EventCurrencySymbol":"","_EventCurrencyCode":"","_EventCurrencyPosition":"","_EventDateTimeSeparator":"","_EventTimeRangeSeparator":"","_EventOrganizerID":[],"_EventVenueID":[],"_OrganizerEmail":"","_OrganizerPhone":"","_OrganizerWebsite":"","_VenueAddress":"","_VenueCity":"","_VenueCountry":"","_VenueProvince":"","_VenueState":"","_VenueZip":"","_VenuePhone":"","_VenueURL":"","_VenueStateProvince":"","_VenueLat":"","_VenueLng":"","_VenueShowMap":false,"_VenueShowMapLink":false,"_tribe_blocks_recurrence_rules":"","_tribe_blocks_recurrence_description":"","_tribe_blocks_recurrence_exclusions":"","footnotes":"","_tec_slr_enabled":"","_tec_slr_layout":""},"categories":[25,26],"tags":[],"class_list":["post-11121","post","type-post","status-publish","format-standard","has-post-thumbnail","hentry","category-blog","category-news"],"yoast_head":"<!-- This site is optimized with the Yoast SEO Premium plugin v26.1 (Yoast SEO v27.5) - https:\/\/yoast.com\/product\/yoast-seo-premium-wordpress\/ -->\n<title>Veranstaltungshinweis 03.10.2021 Morgenstunden Mendelssohn-Lektionen mit David Grossmann - Centrum Judaicum<\/title>\n<meta name=\"robots\" content=\"index, follow, max-snippet:-1, max-image-preview:large, max-video-preview:-1\" \/>\n<link rel=\"canonical\" href=\"https:\/\/centrumjudaicum.de\/en\/morgenstunden-mendelssohn-lektionen-mit-david-grossmann\/\" \/>\n<meta property=\"og:locale\" content=\"en_US\" \/>\n<meta property=\"og:type\" content=\"article\" \/>\n<meta property=\"og:title\" content=\"Veranstaltungshinweis 03.10.2021 Morgenstunden Mendelssohn-Lektionen mit David Grossmann\" \/>\n<meta property=\"og:description\" content=\"Wie kommt Toleranz in die Welt? Was verbindet Glaube und Vernunft? Welche sicheren Antworten finden wir auf Grundfragen unserer Existenz? Warum sollten wir miteinander sprechen? \u2014\u2014\u2014\u2014\u2014\u2014\u2014\u2014\u2014\u2014\u2014\u2014\u2014\u2014\u2014\u2014\u2014\u2014\u2014\u2014- MORGENSTUNDEN #5 MENDELSSOHN-LEKTIONEN F\u00dcR [&hellip;]\" \/>\n<meta property=\"og:url\" content=\"https:\/\/centrumjudaicum.de\/en\/morgenstunden-mendelssohn-lektionen-mit-david-grossmann\/\" \/>\n<meta property=\"og:site_name\" content=\"Centrum Judaicum\" \/>\n<meta property=\"article:published_time\" content=\"2021-09-28T05:53:27+00:00\" \/>\n<meta property=\"article:modified_time\" content=\"2023-08-23T08:08:08+00:00\" \/>\n<meta property=\"og:image\" content=\"https:\/\/centrumjudaicum.de\/wp-content\/uploads\/2021\/09\/Morgenstunden.jpg\" \/>\n\t<meta property=\"og:image:width\" content=\"600\" \/>\n\t<meta property=\"og:image:height\" content=\"400\" \/>\n\t<meta property=\"og:image:type\" content=\"image\/jpeg\" \/>\n<meta name=\"author\" content=\"wpadmin2\" \/>\n<meta name=\"twitter:card\" content=\"summary_large_image\" \/>\n<meta name=\"twitter:label1\" content=\"Written by\" \/>\n\t<meta name=\"twitter:data1\" content=\"wpadmin2\" \/>\n\t<meta name=\"twitter:label2\" content=\"Est. reading time\" \/>\n\t<meta name=\"twitter:data2\" content=\"2 minutes\" \/>\n<script type=\"application\/ld+json\" class=\"yoast-schema-graph\">{\"@context\":\"https:\\\/\\\/schema.org\",\"@graph\":[{\"@type\":\"Article\",\"@id\":\"https:\\\/\\\/centrumjudaicum.de\\\/morgenstunden-mendelssohn-lektionen-mit-david-grossmann\\\/#article\",\"isPartOf\":{\"@id\":\"https:\\\/\\\/centrumjudaicum.de\\\/morgenstunden-mendelssohn-lektionen-mit-david-grossmann\\\/\"},\"author\":{\"name\":\"wpadmin2\",\"@id\":\"https:\\\/\\\/centrumjudaicum.de\\\/#\\\/schema\\\/person\\\/92a9897d9fc5452e4e01ff70c2fa760d\"},\"headline\":\"Veranstaltungshinweis 03.10.2021 Morgenstunden Mendelssohn-Lektionen mit David Grossmann\",\"datePublished\":\"2021-09-28T05:53:27+00:00\",\"dateModified\":\"2023-08-23T08:08:08+00:00\",\"mainEntityOfPage\":{\"@id\":\"https:\\\/\\\/centrumjudaicum.de\\\/morgenstunden-mendelssohn-lektionen-mit-david-grossmann\\\/\"},\"wordCount\":424,\"commentCount\":0,\"publisher\":{\"@id\":\"https:\\\/\\\/centrumjudaicum.de\\\/#organization\"},\"image\":{\"@id\":\"https:\\\/\\\/centrumjudaicum.de\\\/morgenstunden-mendelssohn-lektionen-mit-david-grossmann\\\/#primaryimage\"},\"thumbnailUrl\":\"https:\\\/\\\/centrumjudaicum.de\\\/wp-content\\\/uploads\\\/2021\\\/09\\\/Morgenstunden.jpg\",\"articleSection\":[\"Blog Neue Synagoge Berlin\",\"News\"],\"inLanguage\":\"en-US\",\"potentialAction\":[{\"@type\":\"CommentAction\",\"name\":\"Comment\",\"target\":[\"https:\\\/\\\/centrumjudaicum.de\\\/morgenstunden-mendelssohn-lektionen-mit-david-grossmann\\\/#respond\"]}]},{\"@type\":\"WebPage\",\"@id\":\"https:\\\/\\\/centrumjudaicum.de\\\/morgenstunden-mendelssohn-lektionen-mit-david-grossmann\\\/\",\"url\":\"https:\\\/\\\/centrumjudaicum.de\\\/morgenstunden-mendelssohn-lektionen-mit-david-grossmann\\\/\",\"name\":\"Veranstaltungshinweis 03.10.2021 Morgenstunden Mendelssohn-Lektionen mit David Grossmann - Centrum Judaicum\",\"isPartOf\":{\"@id\":\"https:\\\/\\\/centrumjudaicum.de\\\/#website\"},\"primaryImageOfPage\":{\"@id\":\"https:\\\/\\\/centrumjudaicum.de\\\/morgenstunden-mendelssohn-lektionen-mit-david-grossmann\\\/#primaryimage\"},\"image\":{\"@id\":\"https:\\\/\\\/centrumjudaicum.de\\\/morgenstunden-mendelssohn-lektionen-mit-david-grossmann\\\/#primaryimage\"},\"thumbnailUrl\":\"https:\\\/\\\/centrumjudaicum.de\\\/wp-content\\\/uploads\\\/2021\\\/09\\\/Morgenstunden.jpg\",\"datePublished\":\"2021-09-28T05:53:27+00:00\",\"dateModified\":\"2023-08-23T08:08:08+00:00\",\"breadcrumb\":{\"@id\":\"https:\\\/\\\/centrumjudaicum.de\\\/morgenstunden-mendelssohn-lektionen-mit-david-grossmann\\\/#breadcrumb\"},\"inLanguage\":\"en-US\",\"potentialAction\":[{\"@type\":\"ReadAction\",\"target\":[\"https:\\\/\\\/centrumjudaicum.de\\\/morgenstunden-mendelssohn-lektionen-mit-david-grossmann\\\/\"]}]},{\"@type\":\"ImageObject\",\"inLanguage\":\"en-US\",\"@id\":\"https:\\\/\\\/centrumjudaicum.de\\\/morgenstunden-mendelssohn-lektionen-mit-david-grossmann\\\/#primaryimage\",\"url\":\"https:\\\/\\\/centrumjudaicum.de\\\/wp-content\\\/uploads\\\/2021\\\/09\\\/Morgenstunden.jpg\",\"contentUrl\":\"https:\\\/\\\/centrumjudaicum.de\\\/wp-content\\\/uploads\\\/2021\\\/09\\\/Morgenstunden.jpg\",\"width\":600,\"height\":400},{\"@type\":\"BreadcrumbList\",\"@id\":\"https:\\\/\\\/centrumjudaicum.de\\\/morgenstunden-mendelssohn-lektionen-mit-david-grossmann\\\/#breadcrumb\",\"itemListElement\":[{\"@type\":\"ListItem\",\"position\":1,\"name\":\"Home\",\"item\":\"https:\\\/\\\/centrumjudaicum.de\\\/\"},{\"@type\":\"ListItem\",\"position\":2,\"name\":\"Veranstaltungshinweis 03.10.2021 Morgenstunden Mendelssohn-Lektionen mit David Grossmann\"}]},{\"@type\":\"WebSite\",\"@id\":\"https:\\\/\\\/centrumjudaicum.de\\\/#website\",\"url\":\"https:\\\/\\\/centrumjudaicum.de\\\/\",\"name\":\"Centrum Judaicum\",\"description\":\"\",\"publisher\":{\"@id\":\"https:\\\/\\\/centrumjudaicum.de\\\/#organization\"},\"potentialAction\":[{\"@type\":\"SearchAction\",\"target\":{\"@type\":\"EntryPoint\",\"urlTemplate\":\"https:\\\/\\\/centrumjudaicum.de\\\/?s={search_term_string}\"},\"query-input\":{\"@type\":\"PropertyValueSpecification\",\"valueRequired\":true,\"valueName\":\"search_term_string\"}}],\"inLanguage\":\"en-US\"},{\"@type\":\"Organization\",\"@id\":\"https:\\\/\\\/centrumjudaicum.de\\\/#organization\",\"name\":\"Centrum Judaicum\",\"url\":\"https:\\\/\\\/centrumjudaicum.de\\\/\",\"logo\":{\"@type\":\"ImageObject\",\"inLanguage\":\"en-US\",\"@id\":\"https:\\\/\\\/centrumjudaicum.de\\\/#\\\/schema\\\/logo\\\/image\\\/\",\"url\":\"https:\\\/\\\/centrumjudaicum.de\\\/wp-content\\\/uploads\\\/2022\\\/10\\\/Logo_Stiftung_Neue_Synagoge_Berlin_Gold_.png\",\"contentUrl\":\"https:\\\/\\\/centrumjudaicum.de\\\/wp-content\\\/uploads\\\/2022\\\/10\\\/Logo_Stiftung_Neue_Synagoge_Berlin_Gold_.png\",\"width\":1188,\"height\":409,\"caption\":\"Centrum Judaicum\"},\"image\":{\"@id\":\"https:\\\/\\\/centrumjudaicum.de\\\/#\\\/schema\\\/logo\\\/image\\\/\"}},{\"@type\":\"Person\",\"@id\":\"https:\\\/\\\/centrumjudaicum.de\\\/#\\\/schema\\\/person\\\/92a9897d9fc5452e4e01ff70c2fa760d\",\"name\":\"wpadmin2\",\"sameAs\":[\"https:\\\/\\\/centrumjudaicum.de\"],\"url\":\"https:\\\/\\\/centrumjudaicum.de\\\/en\\\/author\\\/wpadmin2\\\/\"}]}<\/script>\n<!-- \/ Yoast SEO Premium plugin. -->","yoast_head_json":{"title":"Veranstaltungshinweis 03.10.2021 Morgenstunden Mendelssohn-Lektionen mit David Grossmann - Centrum Judaicum","robots":{"index":"index","follow":"follow","max-snippet":"max-snippet:-1","max-image-preview":"max-image-preview:large","max-video-preview":"max-video-preview:-1"},"canonical":"https:\/\/centrumjudaicum.de\/en\/morgenstunden-mendelssohn-lektionen-mit-david-grossmann\/","og_locale":"en_US","og_type":"article","og_title":"Veranstaltungshinweis 03.10.2021 Morgenstunden Mendelssohn-Lektionen mit David Grossmann","og_description":"Wie kommt Toleranz in die Welt? Was verbindet Glaube und Vernunft? Welche sicheren Antworten finden wir auf Grundfragen unserer Existenz? Warum sollten wir miteinander sprechen? \u2014\u2014\u2014\u2014\u2014\u2014\u2014\u2014\u2014\u2014\u2014\u2014\u2014\u2014\u2014\u2014\u2014\u2014\u2014\u2014- MORGENSTUNDEN #5 MENDELSSOHN-LEKTIONEN F\u00dcR [&hellip;]","og_url":"https:\/\/centrumjudaicum.de\/en\/morgenstunden-mendelssohn-lektionen-mit-david-grossmann\/","og_site_name":"Centrum Judaicum","article_published_time":"2021-09-28T05:53:27+00:00","article_modified_time":"2023-08-23T08:08:08+00:00","og_image":[{"width":600,"height":400,"url":"https:\/\/centrumjudaicum.de\/wp-content\/uploads\/2021\/09\/Morgenstunden.jpg","type":"image\/jpeg"}],"author":"wpadmin2","twitter_card":"summary_large_image","twitter_misc":{"Written by":"wpadmin2","Est. reading time":"2 minutes"},"schema":{"@context":"https:\/\/schema.org","@graph":[{"@type":"Article","@id":"https:\/\/centrumjudaicum.de\/morgenstunden-mendelssohn-lektionen-mit-david-grossmann\/#article","isPartOf":{"@id":"https:\/\/centrumjudaicum.de\/morgenstunden-mendelssohn-lektionen-mit-david-grossmann\/"},"author":{"name":"wpadmin2","@id":"https:\/\/centrumjudaicum.de\/#\/schema\/person\/92a9897d9fc5452e4e01ff70c2fa760d"},"headline":"Veranstaltungshinweis 03.10.2021 Morgenstunden Mendelssohn-Lektionen mit David Grossmann","datePublished":"2021-09-28T05:53:27+00:00","dateModified":"2023-08-23T08:08:08+00:00","mainEntityOfPage":{"@id":"https:\/\/centrumjudaicum.de\/morgenstunden-mendelssohn-lektionen-mit-david-grossmann\/"},"wordCount":424,"commentCount":0,"publisher":{"@id":"https:\/\/centrumjudaicum.de\/#organization"},"image":{"@id":"https:\/\/centrumjudaicum.de\/morgenstunden-mendelssohn-lektionen-mit-david-grossmann\/#primaryimage"},"thumbnailUrl":"https:\/\/centrumjudaicum.de\/wp-content\/uploads\/2021\/09\/Morgenstunden.jpg","articleSection":["Blog Neue Synagoge Berlin","News"],"inLanguage":"en-US","potentialAction":[{"@type":"CommentAction","name":"Comment","target":["https:\/\/centrumjudaicum.de\/morgenstunden-mendelssohn-lektionen-mit-david-grossmann\/#respond"]}]},{"@type":"WebPage","@id":"https:\/\/centrumjudaicum.de\/morgenstunden-mendelssohn-lektionen-mit-david-grossmann\/","url":"https:\/\/centrumjudaicum.de\/morgenstunden-mendelssohn-lektionen-mit-david-grossmann\/","name":"Veranstaltungshinweis 03.10.2021 Morgenstunden Mendelssohn-Lektionen mit David Grossmann - Centrum Judaicum","isPartOf":{"@id":"https:\/\/centrumjudaicum.de\/#website"},"primaryImageOfPage":{"@id":"https:\/\/centrumjudaicum.de\/morgenstunden-mendelssohn-lektionen-mit-david-grossmann\/#primaryimage"},"image":{"@id":"https:\/\/centrumjudaicum.de\/morgenstunden-mendelssohn-lektionen-mit-david-grossmann\/#primaryimage"},"thumbnailUrl":"https:\/\/centrumjudaicum.de\/wp-content\/uploads\/2021\/09\/Morgenstunden.jpg","datePublished":"2021-09-28T05:53:27+00:00","dateModified":"2023-08-23T08:08:08+00:00","breadcrumb":{"@id":"https:\/\/centrumjudaicum.de\/morgenstunden-mendelssohn-lektionen-mit-david-grossmann\/#breadcrumb"},"inLanguage":"en-US","potentialAction":[{"@type":"ReadAction","target":["https:\/\/centrumjudaicum.de\/morgenstunden-mendelssohn-lektionen-mit-david-grossmann\/"]}]},{"@type":"ImageObject","inLanguage":"en-US","@id":"https:\/\/centrumjudaicum.de\/morgenstunden-mendelssohn-lektionen-mit-david-grossmann\/#primaryimage","url":"https:\/\/centrumjudaicum.de\/wp-content\/uploads\/2021\/09\/Morgenstunden.jpg","contentUrl":"https:\/\/centrumjudaicum.de\/wp-content\/uploads\/2021\/09\/Morgenstunden.jpg","width":600,"height":400},{"@type":"BreadcrumbList","@id":"https:\/\/centrumjudaicum.de\/morgenstunden-mendelssohn-lektionen-mit-david-grossmann\/#breadcrumb","itemListElement":[{"@type":"ListItem","position":1,"name":"Home","item":"https:\/\/centrumjudaicum.de\/"},{"@type":"ListItem","position":2,"name":"Veranstaltungshinweis 03.10.2021 Morgenstunden Mendelssohn-Lektionen mit David Grossmann"}]},{"@type":"WebSite","@id":"https:\/\/centrumjudaicum.de\/#website","url":"https:\/\/centrumjudaicum.de\/","name":"Centrum Judaicum","description":"","publisher":{"@id":"https:\/\/centrumjudaicum.de\/#organization"},"potentialAction":[{"@type":"SearchAction","target":{"@type":"EntryPoint","urlTemplate":"https:\/\/centrumjudaicum.de\/?s={search_term_string}"},"query-input":{"@type":"PropertyValueSpecification","valueRequired":true,"valueName":"search_term_string"}}],"inLanguage":"en-US"},{"@type":"Organization","@id":"https:\/\/centrumjudaicum.de\/#organization","name":"Centrum Judaicum","url":"https:\/\/centrumjudaicum.de\/","logo":{"@type":"ImageObject","inLanguage":"en-US","@id":"https:\/\/centrumjudaicum.de\/#\/schema\/logo\/image\/","url":"https:\/\/centrumjudaicum.de\/wp-content\/uploads\/2022\/10\/Logo_Stiftung_Neue_Synagoge_Berlin_Gold_.png","contentUrl":"https:\/\/centrumjudaicum.de\/wp-content\/uploads\/2022\/10\/Logo_Stiftung_Neue_Synagoge_Berlin_Gold_.png","width":1188,"height":409,"caption":"Centrum Judaicum"},"image":{"@id":"https:\/\/centrumjudaicum.de\/#\/schema\/logo\/image\/"}},{"@type":"Person","@id":"https:\/\/centrumjudaicum.de\/#\/schema\/person\/92a9897d9fc5452e4e01ff70c2fa760d","name":"wpadmin2","sameAs":["https:\/\/centrumjudaicum.de"],"url":"https:\/\/centrumjudaicum.de\/en\/author\/wpadmin2\/"}]}},"ticketed":false,"_links":{"self":[{"href":"https:\/\/centrumjudaicum.de\/en\/wp-json\/wp\/v2\/posts\/11121","targetHints":{"allow":["GET"]}}],"collection":[{"href":"https:\/\/centrumjudaicum.de\/en\/wp-json\/wp\/v2\/posts"}],"about":[{"href":"https:\/\/centrumjudaicum.de\/en\/wp-json\/wp\/v2\/types\/post"}],"author":[{"embeddable":true,"href":"https:\/\/centrumjudaicum.de\/en\/wp-json\/wp\/v2\/users\/1"}],"replies":[{"embeddable":true,"href":"https:\/\/centrumjudaicum.de\/en\/wp-json\/wp\/v2\/comments?post=11121"}],"version-history":[{"count":2,"href":"https:\/\/centrumjudaicum.de\/en\/wp-json\/wp\/v2\/posts\/11121\/revisions"}],"predecessor-version":[{"id":15456,"href":"https:\/\/centrumjudaicum.de\/en\/wp-json\/wp\/v2\/posts\/11121\/revisions\/15456"}],"wp:featuredmedia":[{"embeddable":true,"href":"https:\/\/centrumjudaicum.de\/en\/wp-json\/wp\/v2\/media\/15192"}],"wp:attachment":[{"href":"https:\/\/centrumjudaicum.de\/en\/wp-json\/wp\/v2\/media?parent=11121"}],"wp:term":[{"taxonomy":"category","embeddable":true,"href":"https:\/\/centrumjudaicum.de\/en\/wp-json\/wp\/v2\/categories?post=11121"},{"taxonomy":"post_tag","embeddable":true,"href":"https:\/\/centrumjudaicum.de\/en\/wp-json\/wp\/v2\/tags?post=11121"}],"curies":[{"name":"wp","href":"https:\/\/api.w.org\/{rel}","templated":true}]}}