{"id":13215,"date":"2023-03-17T07:39:55","date_gmt":"2023-03-17T06:39:55","guid":{"rendered":"https:\/\/centrumjudaicum.de\/?p=13215"},"modified":"2024-10-30T15:45:33","modified_gmt":"2024-10-30T14:45:33","slug":"175-jahre-maerzrevolution-1848","status":"publish","type":"post","link":"https:\/\/centrumjudaicum.de\/en\/175-jahre-maerzrevolution-1848\/","title":{"rendered":"175 Jahre M\u00e4rzrevolution 1848"},"content":{"rendered":"<div data-elementor-type=\"wp-post\" data-elementor-id=\"13215\" class=\"elementor elementor-13215\" data-elementor-post-type=\"post\">\n\t\t\t\t\t\t<section class=\"elementor-section elementor-top-section elementor-element elementor-element-7511326 elementor-section-boxed elementor-section-height-default elementor-section-height-default\" data-id=\"7511326\" data-element_type=\"section\" data-e-type=\"section\">\n\t\t\t\t\t\t<div class=\"elementor-container elementor-column-gap-default\">\n\t\t\t\t\t<div class=\"elementor-column elementor-col-100 elementor-top-column elementor-element elementor-element-0dedf1a\" data-id=\"0dedf1a\" data-element_type=\"column\" data-e-type=\"column\">\n\t\t\t<div class=\"elementor-widget-wrap\">\n\t\t\t\t\t\t\t<\/div>\n\t\t<\/div>\n\t\t\t\t\t<\/div>\n\t\t<\/section>\n\t\t\t\t<section class=\"elementor-section elementor-top-section elementor-element elementor-element-5b5efad7 elementor-section-boxed elementor-section-height-default elementor-section-height-default\" data-id=\"5b5efad7\" data-element_type=\"section\" data-e-type=\"section\">\n\t\t\t\t\t\t<div class=\"elementor-container elementor-column-gap-default\">\n\t\t\t\t\t<div class=\"elementor-column elementor-col-100 elementor-top-column elementor-element elementor-element-6d9d376a\" data-id=\"6d9d376a\" data-element_type=\"column\" data-e-type=\"column\">\n\t\t\t<div class=\"elementor-widget-wrap elementor-element-populated\">\n\t\t\t\t\t\t<div class=\"elementor-element elementor-element-5d2e0339 elementor-widget elementor-widget-spacer\" data-id=\"5d2e0339\" data-element_type=\"widget\" data-e-type=\"widget\" data-widget_type=\"spacer.default\">\n\t\t\t\t<div class=\"elementor-widget-container\">\n\t\t\t\t\t\t\t<div class=\"elementor-spacer\">\n\t\t\t<div class=\"elementor-spacer-inner\"><\/div>\n\t\t<\/div>\n\t\t\t\t\t\t<\/div>\n\t\t\t\t<\/div>\n\t\t\t\t\t<\/div>\n\t\t<\/div>\n\t\t\t\t\t<\/div>\n\t\t<\/section>\n\t\t\t\t<section class=\"elementor-section elementor-top-section elementor-element elementor-element-7c4d0dd9 elementor-section-boxed elementor-section-height-default elementor-section-height-default\" data-id=\"7c4d0dd9\" data-element_type=\"section\" data-e-type=\"section\">\n\t\t\t\t\t\t<div class=\"elementor-container elementor-column-gap-default\">\n\t\t\t\t\t<div class=\"elementor-column elementor-col-100 elementor-top-column elementor-element elementor-element-1b95f99f\" data-id=\"1b95f99f\" data-element_type=\"column\" data-e-type=\"column\">\n\t\t\t<div class=\"elementor-widget-wrap elementor-element-populated\">\n\t\t\t\t\t\t<div class=\"elementor-element elementor-element-2665e952 elementor-widget elementor-widget-image\" data-id=\"2665e952\" data-element_type=\"widget\" data-e-type=\"widget\" data-widget_type=\"image.default\">\n\t\t\t\t<div class=\"elementor-widget-container\">\n\t\t\t\t\t\t\t\t\t\t\t\t\t\t\t<img decoding=\"async\" src=\"https:\/\/centrumjudaicum.de\/wp-content\/uploads\/elementor\/thumbs\/Maerzrevolution1848-qanmcj4pb82zvopm3pbhk9ub5jcamcqi3rdpb9hm1s.jpg\" title=\"175 Jahre M\u00e4rzrevolution 1848\" alt=\"175 Jahre M\u00e4rzrevolution 1848\" loading=\"lazy\" \/>\t\t\t\t\t\t\t\t\t\t\t\t\t\t\t<\/div>\n\t\t\t\t<\/div>\n\t\t\t\t\t<\/div>\n\t\t<\/div>\n\t\t\t\t\t<\/div>\n\t\t<\/section>\n\t\t\t\t<section class=\"elementor-section elementor-top-section elementor-element elementor-element-2bc73159 elementor-section-boxed elementor-section-height-default elementor-section-height-default\" data-id=\"2bc73159\" data-element_type=\"section\" data-e-type=\"section\">\n\t\t\t\t\t\t<div class=\"elementor-container elementor-column-gap-default\">\n\t\t\t\t\t<div class=\"elementor-column elementor-col-100 elementor-top-column elementor-element elementor-element-5914fbaa\" data-id=\"5914fbaa\" data-element_type=\"column\" data-e-type=\"column\">\n\t\t\t<div class=\"elementor-widget-wrap elementor-element-populated\">\n\t\t\t\t\t\t<div class=\"elementor-element elementor-element-599f220 elementor-widget elementor-widget-spacer\" data-id=\"599f220\" data-element_type=\"widget\" data-e-type=\"widget\" data-widget_type=\"spacer.default\">\n\t\t\t\t<div class=\"elementor-widget-container\">\n\t\t\t\t\t\t\t<div class=\"elementor-spacer\">\n\t\t\t<div class=\"elementor-spacer-inner\"><\/div>\n\t\t<\/div>\n\t\t\t\t\t\t<\/div>\n\t\t\t\t<\/div>\n\t\t\t\t\t<\/div>\n\t\t<\/div>\n\t\t\t\t\t<\/div>\n\t\t<\/section>\n\t\t\t\t<section class=\"elementor-section elementor-top-section elementor-element elementor-element-566a11b8 elementor-section-boxed elementor-section-height-default elementor-section-height-default\" data-id=\"566a11b8\" data-element_type=\"section\" data-e-type=\"section\">\n\t\t\t\t\t\t<div class=\"elementor-container elementor-column-gap-default\">\n\t\t\t\t\t<div class=\"elementor-column elementor-col-100 elementor-top-column elementor-element elementor-element-57adb584\" data-id=\"57adb584\" data-element_type=\"column\" data-e-type=\"column\">\n\t\t\t<div class=\"elementor-widget-wrap elementor-element-populated\">\n\t\t\t\t\t\t<div class=\"elementor-element elementor-element-76893a04 elementor-widget elementor-widget-heading\" data-id=\"76893a04\" data-element_type=\"widget\" data-e-type=\"widget\" data-widget_type=\"heading.default\">\n\t\t\t\t<div class=\"elementor-widget-container\">\n\t\t\t\t\t<h1 class=\"elementor-heading-title elementor-size-default\">175 Jahre M\u00e4rzrevolution 1848<\/h1>\t\t\t\t<\/div>\n\t\t\t\t<\/div>\n\t\t\t\t\t<\/div>\n\t\t<\/div>\n\t\t\t\t\t<\/div>\n\t\t<\/section>\n\t\t\t\t<section class=\"elementor-section elementor-top-section elementor-element elementor-element-9e9b122 elementor-section-boxed elementor-section-height-default elementor-section-height-default\" data-id=\"9e9b122\" data-element_type=\"section\" data-e-type=\"section\">\n\t\t\t\t\t\t<div class=\"elementor-container elementor-column-gap-default\">\n\t\t\t\t\t<div class=\"elementor-column elementor-col-100 elementor-top-column elementor-element elementor-element-37439310\" data-id=\"37439310\" data-element_type=\"column\" data-e-type=\"column\">\n\t\t\t<div class=\"elementor-widget-wrap elementor-element-populated\">\n\t\t\t\t\t\t<div class=\"elementor-element elementor-element-3529285f elementor-widget elementor-widget-spacer\" data-id=\"3529285f\" data-element_type=\"widget\" data-e-type=\"widget\" data-widget_type=\"spacer.default\">\n\t\t\t\t<div class=\"elementor-widget-container\">\n\t\t\t\t\t\t\t<div class=\"elementor-spacer\">\n\t\t\t<div class=\"elementor-spacer-inner\"><\/div>\n\t\t<\/div>\n\t\t\t\t\t\t<\/div>\n\t\t\t\t<\/div>\n\t\t\t\t\t<\/div>\n\t\t<\/div>\n\t\t\t\t\t<\/div>\n\t\t<\/section>\n\t\t\t\t<section class=\"elementor-section elementor-top-section elementor-element elementor-element-4603e3a0 elementor-section-boxed elementor-section-height-default elementor-section-height-default\" data-id=\"4603e3a0\" data-element_type=\"section\" data-e-type=\"section\">\n\t\t\t\t\t\t<div class=\"elementor-container elementor-column-gap-default\">\n\t\t\t\t\t<div class=\"elementor-column elementor-col-100 elementor-top-column elementor-element elementor-element-4539d339\" data-id=\"4539d339\" data-element_type=\"column\" data-e-type=\"column\">\n\t\t\t<div class=\"elementor-widget-wrap elementor-element-populated\">\n\t\t\t\t\t\t<div class=\"elementor-element elementor-element-1eeadcab elementor-widget elementor-widget-text-editor\" data-id=\"1eeadcab\" data-element_type=\"widget\" data-e-type=\"widget\" data-widget_type=\"text-editor.default\">\n\t\t\t\t<div class=\"elementor-widget-container\">\n\t\t\t\t\t\t\t\t\t<p>Die soziale Unruhe am Vorabend der M\u00e4rzrevolution von 1848 macht auch vor den preu\u00dfischen J\u00fcd:innen nicht halt. Nur ein Viertel von ihnen hatte bis zu diesem Zeitpunkt die Staatsb\u00fcrgerschaft erhalten, in den meisten Universit\u00e4tsf\u00e4chern durften sie keine Professuren erhalten, aus den meisten Staats\u00e4mtern waren sie ausgeschlossen und obwohl sie als einfache Soldaten in der Armee k\u00e4mpfen und sterben durften, blieb ihnen die Bef\u00f6rderung zu Offizier verwehrt.<\/p><p>Kein Wunder also, dass die demokratischen Ideen der M\u00e4rzrevolution unter den preu\u00dfischen J\u00fcd:innen auf fruchtbaren Boden fielen: Moritz Steinschneider, einer der wichtigsten Bibliografen und Orientalisten seiner Zeit, k\u00e4mpfte selbst auf den Barrikaden. Rabbiner Michael Sachs hielt zusammen mit katholischen und evangelischen Geistlichen eine Trauerrede f\u00fcr die M\u00e4rzgefallenen auf dem Gendarmenmarkt am 22.03.1848. Der Druckergeselle Julius Brill wurde als einer der wenigen Juden und Arbeiter in die preu\u00dfischen Nationalversammlung gew\u00e4hlt, bevor er schlie\u00dflich ins Exil gehen musste.<\/p><p><strong>Zum 175. Jubil\u00e4um der M\u00e4rzrevolution erinnern wir an die j\u00fcdischen Revolution\u00e4r:innen von 1848.<\/strong><\/p><p>Zum Gedenken der M\u00e4rzrevolution bietet die Stiftung Neue Synagoge Berlin \u2013 Centrum Judaicum<br \/>an den Eintrittsfreien Sonntagen (April bis Juli) jeweils eine thematische F\u00fchrung durch Mitte zu J\u00fcd:innen im \u201eDeutschen M\u00e4rz&#8220; an.<\/p>\t\t\t\t\t\t\t\t<\/div>\n\t\t\t\t<\/div>\n\t\t\t\t\t<\/div>\n\t\t<\/div>\n\t\t\t\t\t<\/div>\n\t\t<\/section>\n\t\t\t\t<section class=\"elementor-section elementor-top-section elementor-element elementor-element-583000b5 elementor-section-boxed elementor-section-height-default elementor-section-height-default\" data-id=\"583000b5\" data-element_type=\"section\" data-e-type=\"section\">\n\t\t\t\t\t\t<div class=\"elementor-container elementor-column-gap-default\">\n\t\t\t\t\t<div class=\"elementor-column elementor-col-100 elementor-top-column elementor-element elementor-element-60b0e23b\" data-id=\"60b0e23b\" data-element_type=\"column\" data-e-type=\"column\">\n\t\t\t<div class=\"elementor-widget-wrap elementor-element-populated\">\n\t\t\t\t\t\t<div class=\"elementor-element elementor-element-3235ca7 elementor-widget elementor-widget-text-editor\" data-id=\"3235ca7\" data-element_type=\"widget\" data-e-type=\"widget\" data-widget_type=\"text-editor.default\">\n\t\t\t\t<div class=\"elementor-widget-container\">\n\t\t\t\t\t\t\t\t\t<p>Die Pl\u00e4tze sind auf 20 Teilnehmer:innen begrenzt.<\/p><p><strong>Anmeldung:<\/strong>\u00a0bildung@centrumjudaicum.de<\/p><p><strong>Termine:<\/strong>\u00a002.04., 07.05., 04.06., .02.07.<\/p><p><strong>Uhrzeit:<\/strong>\u00a014:15 Uhr<\/p><p><strong>Treffpunkt:<\/strong><br \/>Vor dem Museumseingang<br \/>Neue Synagoge Berlin in der Oranienburger Str. 28-30, 10117 Berlin<\/p>\t\t\t\t\t\t\t\t<\/div>\n\t\t\t\t<\/div>\n\t\t\t\t\t<\/div>\n\t\t<\/div>\n\t\t\t\t\t<\/div>\n\t\t<\/section>\n\t\t\t\t<\/div>","protected":false},"excerpt":{"rendered":"<p>175 Jahre M\u00e4rzrevolution 1848 Die soziale Unruhe am Vorabend der M\u00e4rzrevolution von 1848 macht auch vor den preu\u00dfischen J\u00fcd:innen nicht halt. Nur ein Viertel von ihnen hatte bis zu diesem [&hellip;]<\/p>\n","protected":false},"author":1,"featured_media":13343,"comment_status":"open","ping_status":"open","sticky":false,"template":"elementor_header_footer","format":"standard","meta":{"_tec_requires_first_save":true,"_price":"","_stock":"","_tribe_ticket_header":"","_tribe_default_ticket_provider":"","_tribe_ticket_capacity":"0","_ticket_start_date":"","_ticket_end_date":"","_tribe_ticket_show_description":"","_tribe_ticket_show_not_going":false,"_tribe_ticket_use_global_stock":"","_tribe_ticket_global_stock_level":"","_global_stock_mode":"","_global_stock_cap":"","_tribe_rsvp_for_event":"","_tribe_ticket_going_count":"","_tribe_ticket_not_going_count":"","_tribe_tickets_list":"[]","_tribe_ticket_has_attendee_info_fields":false,"_EventAllDay":false,"_EventTimezone":"","_EventStartDate":"","_EventEndDate":"","_EventStartDateUTC":"","_EventEndDateUTC":"","_EventShowMap":false,"_EventShowMapLink":false,"_EventURL":"","_EventCost":"","_EventCostDescription":"","_EventCurrencySymbol":"","_EventCurrencyCode":"","_EventCurrencyPosition":"","_EventDateTimeSeparator":"","_EventTimeRangeSeparator":"","_EventOrganizerID":[],"_EventVenueID":[],"_OrganizerEmail":"","_OrganizerPhone":"","_OrganizerWebsite":"","_VenueAddress":"","_VenueCity":"","_VenueCountry":"","_VenueProvince":"","_VenueState":"","_VenueZip":"","_VenuePhone":"","_VenueURL":"","_VenueStateProvince":"","_VenueLat":"","_VenueLng":"","_VenueShowMap":false,"_VenueShowMapLink":false,"_tribe_blocks_recurrence_rules":"","_tribe_blocks_recurrence_description":"","_tribe_blocks_recurrence_exclusions":"","footnotes":"","_tec_slr_enabled":"","_tec_slr_layout":""},"categories":[25],"tags":[35,36],"class_list":["post-13215","post","type-post","status-publish","format-standard","has-post-thumbnail","hentry","category-blog","tag-175jahre","tag-maerzrevolution-1848"],"yoast_head":"<!-- This site is optimized with the Yoast SEO Premium plugin v26.1 (Yoast SEO v27.4) - https:\/\/yoast.com\/product\/yoast-seo-premium-wordpress\/ -->\n<title>175 Jahre M\u00e4rzrevolution 1848 - Centrum Judaicum<\/title>\n<meta name=\"description\" content=\"Die soziale Unruhe am Vorabend der M\u00e4rzrevolution von 1848 macht auch vor den preu\u00dfischen J\u00fcd:innen nicht halt.\" \/>\n<meta name=\"robots\" content=\"index, follow, max-snippet:-1, max-image-preview:large, max-video-preview:-1\" \/>\n<link rel=\"canonical\" href=\"https:\/\/centrumjudaicum.de\/en\/175-jahre-maerzrevolution-1848\/\" \/>\n<meta property=\"og:locale\" content=\"en_US\" \/>\n<meta property=\"og:type\" content=\"article\" \/>\n<meta property=\"og:title\" content=\"175 Jahre M\u00e4rzrevolution 1848\" \/>\n<meta property=\"og:description\" content=\"Die soziale Unruhe am Vorabend der M\u00e4rzrevolution von 1848 macht auch vor den preu\u00dfischen J\u00fcd:innen nicht halt.\" \/>\n<meta property=\"og:url\" content=\"https:\/\/centrumjudaicum.de\/en\/175-jahre-maerzrevolution-1848\/\" \/>\n<meta property=\"og:site_name\" content=\"Centrum Judaicum\" \/>\n<meta property=\"article:published_time\" content=\"2023-03-17T06:39:55+00:00\" \/>\n<meta property=\"article:modified_time\" content=\"2024-10-30T14:45:33+00:00\" \/>\n<meta property=\"og:image\" content=\"https:\/\/centrumjudaicum.de\/wp-content\/uploads\/2023\/03\/Maerzrevolution1848.jpg\" \/>\n\t<meta property=\"og:image:width\" content=\"600\" \/>\n\t<meta property=\"og:image:height\" content=\"400\" \/>\n\t<meta property=\"og:image:type\" content=\"image\/jpeg\" \/>\n<meta name=\"author\" content=\"wpadmin2\" \/>\n<meta name=\"twitter:card\" content=\"summary_large_image\" \/>\n<meta name=\"twitter:label1\" content=\"Written by\" \/>\n\t<meta name=\"twitter:data1\" content=\"wpadmin2\" \/>\n\t<meta name=\"twitter:label2\" content=\"Est. reading time\" \/>\n\t<meta name=\"twitter:data2\" content=\"2 minutes\" \/>\n<script type=\"application\/ld+json\" class=\"yoast-schema-graph\">{\"@context\":\"https:\\\/\\\/schema.org\",\"@graph\":[{\"@type\":\"Article\",\"@id\":\"https:\\\/\\\/centrumjudaicum.de\\\/175-jahre-maerzrevolution-1848\\\/#article\",\"isPartOf\":{\"@id\":\"https:\\\/\\\/centrumjudaicum.de\\\/175-jahre-maerzrevolution-1848\\\/\"},\"author\":{\"name\":\"wpadmin2\",\"@id\":\"https:\\\/\\\/centrumjudaicum.de\\\/#\\\/schema\\\/person\\\/92a9897d9fc5452e4e01ff70c2fa760d\"},\"headline\":\"175 Jahre M\u00e4rzrevolution 1848\",\"datePublished\":\"2023-03-17T06:39:55+00:00\",\"dateModified\":\"2024-10-30T14:45:33+00:00\",\"mainEntityOfPage\":{\"@id\":\"https:\\\/\\\/centrumjudaicum.de\\\/175-jahre-maerzrevolution-1848\\\/\"},\"wordCount\":244,\"commentCount\":0,\"publisher\":{\"@id\":\"https:\\\/\\\/centrumjudaicum.de\\\/#organization\"},\"image\":{\"@id\":\"https:\\\/\\\/centrumjudaicum.de\\\/175-jahre-maerzrevolution-1848\\\/#primaryimage\"},\"thumbnailUrl\":\"https:\\\/\\\/centrumjudaicum.de\\\/wp-content\\\/uploads\\\/2023\\\/03\\\/Maerzrevolution1848.jpg\",\"keywords\":[\"175Jahre\",\"M\u00e4rzrevolution 1848\"],\"articleSection\":[\"Blog Neue Synagoge Berlin\"],\"inLanguage\":\"en-US\",\"potentialAction\":[{\"@type\":\"CommentAction\",\"name\":\"Comment\",\"target\":[\"https:\\\/\\\/centrumjudaicum.de\\\/175-jahre-maerzrevolution-1848\\\/#respond\"]}]},{\"@type\":\"WebPage\",\"@id\":\"https:\\\/\\\/centrumjudaicum.de\\\/175-jahre-maerzrevolution-1848\\\/\",\"url\":\"https:\\\/\\\/centrumjudaicum.de\\\/175-jahre-maerzrevolution-1848\\\/\",\"name\":\"175 Jahre M\u00e4rzrevolution 1848 - Centrum Judaicum\",\"isPartOf\":{\"@id\":\"https:\\\/\\\/centrumjudaicum.de\\\/#website\"},\"primaryImageOfPage\":{\"@id\":\"https:\\\/\\\/centrumjudaicum.de\\\/175-jahre-maerzrevolution-1848\\\/#primaryimage\"},\"image\":{\"@id\":\"https:\\\/\\\/centrumjudaicum.de\\\/175-jahre-maerzrevolution-1848\\\/#primaryimage\"},\"thumbnailUrl\":\"https:\\\/\\\/centrumjudaicum.de\\\/wp-content\\\/uploads\\\/2023\\\/03\\\/Maerzrevolution1848.jpg\",\"datePublished\":\"2023-03-17T06:39:55+00:00\",\"dateModified\":\"2024-10-30T14:45:33+00:00\",\"description\":\"Die soziale Unruhe am Vorabend der M\u00e4rzrevolution von 1848 macht auch vor den preu\u00dfischen J\u00fcd:innen nicht halt.\",\"breadcrumb\":{\"@id\":\"https:\\\/\\\/centrumjudaicum.de\\\/175-jahre-maerzrevolution-1848\\\/#breadcrumb\"},\"inLanguage\":\"en-US\",\"potentialAction\":[{\"@type\":\"ReadAction\",\"target\":[\"https:\\\/\\\/centrumjudaicum.de\\\/175-jahre-maerzrevolution-1848\\\/\"]}]},{\"@type\":\"ImageObject\",\"inLanguage\":\"en-US\",\"@id\":\"https:\\\/\\\/centrumjudaicum.de\\\/175-jahre-maerzrevolution-1848\\\/#primaryimage\",\"url\":\"https:\\\/\\\/centrumjudaicum.de\\\/wp-content\\\/uploads\\\/2023\\\/03\\\/Maerzrevolution1848.jpg\",\"contentUrl\":\"https:\\\/\\\/centrumjudaicum.de\\\/wp-content\\\/uploads\\\/2023\\\/03\\\/Maerzrevolution1848.jpg\",\"width\":600,\"height\":400,\"caption\":\"175 Jahre M\u00e4rzrevolution 1848\"},{\"@type\":\"BreadcrumbList\",\"@id\":\"https:\\\/\\\/centrumjudaicum.de\\\/175-jahre-maerzrevolution-1848\\\/#breadcrumb\",\"itemListElement\":[{\"@type\":\"ListItem\",\"position\":1,\"name\":\"Home\",\"item\":\"https:\\\/\\\/centrumjudaicum.de\\\/\"},{\"@type\":\"ListItem\",\"position\":2,\"name\":\"175 Jahre M\u00e4rzrevolution 1848\"}]},{\"@type\":\"WebSite\",\"@id\":\"https:\\\/\\\/centrumjudaicum.de\\\/#website\",\"url\":\"https:\\\/\\\/centrumjudaicum.de\\\/\",\"name\":\"Centrum Judaicum\",\"description\":\"\",\"publisher\":{\"@id\":\"https:\\\/\\\/centrumjudaicum.de\\\/#organization\"},\"potentialAction\":[{\"@type\":\"SearchAction\",\"target\":{\"@type\":\"EntryPoint\",\"urlTemplate\":\"https:\\\/\\\/centrumjudaicum.de\\\/?s={search_term_string}\"},\"query-input\":{\"@type\":\"PropertyValueSpecification\",\"valueRequired\":true,\"valueName\":\"search_term_string\"}}],\"inLanguage\":\"en-US\"},{\"@type\":\"Organization\",\"@id\":\"https:\\\/\\\/centrumjudaicum.de\\\/#organization\",\"name\":\"Centrum Judaicum\",\"url\":\"https:\\\/\\\/centrumjudaicum.de\\\/\",\"logo\":{\"@type\":\"ImageObject\",\"inLanguage\":\"en-US\",\"@id\":\"https:\\\/\\\/centrumjudaicum.de\\\/#\\\/schema\\\/logo\\\/image\\\/\",\"url\":\"https:\\\/\\\/centrumjudaicum.de\\\/wp-content\\\/uploads\\\/2022\\\/10\\\/Logo_Stiftung_Neue_Synagoge_Berlin_Gold_.png\",\"contentUrl\":\"https:\\\/\\\/centrumjudaicum.de\\\/wp-content\\\/uploads\\\/2022\\\/10\\\/Logo_Stiftung_Neue_Synagoge_Berlin_Gold_.png\",\"width\":1188,\"height\":409,\"caption\":\"Centrum Judaicum\"},\"image\":{\"@id\":\"https:\\\/\\\/centrumjudaicum.de\\\/#\\\/schema\\\/logo\\\/image\\\/\"}},{\"@type\":\"Person\",\"@id\":\"https:\\\/\\\/centrumjudaicum.de\\\/#\\\/schema\\\/person\\\/92a9897d9fc5452e4e01ff70c2fa760d\",\"name\":\"wpadmin2\",\"sameAs\":[\"https:\\\/\\\/centrumjudaicum.de\"],\"url\":\"https:\\\/\\\/centrumjudaicum.de\\\/en\\\/author\\\/wpadmin2\\\/\"}]}<\/script>\n<!-- \/ Yoast SEO Premium plugin. -->","yoast_head_json":{"title":"175 Jahre M\u00e4rzrevolution 1848 - Centrum Judaicum","description":"Die soziale Unruhe am Vorabend der M\u00e4rzrevolution von 1848 macht auch vor den preu\u00dfischen J\u00fcd:innen nicht halt.","robots":{"index":"index","follow":"follow","max-snippet":"max-snippet:-1","max-image-preview":"max-image-preview:large","max-video-preview":"max-video-preview:-1"},"canonical":"https:\/\/centrumjudaicum.de\/en\/175-jahre-maerzrevolution-1848\/","og_locale":"en_US","og_type":"article","og_title":"175 Jahre M\u00e4rzrevolution 1848","og_description":"Die soziale Unruhe am Vorabend der M\u00e4rzrevolution von 1848 macht auch vor den preu\u00dfischen J\u00fcd:innen nicht halt.","og_url":"https:\/\/centrumjudaicum.de\/en\/175-jahre-maerzrevolution-1848\/","og_site_name":"Centrum Judaicum","article_published_time":"2023-03-17T06:39:55+00:00","article_modified_time":"2024-10-30T14:45:33+00:00","og_image":[{"width":600,"height":400,"url":"https:\/\/centrumjudaicum.de\/wp-content\/uploads\/2023\/03\/Maerzrevolution1848.jpg","type":"image\/jpeg"}],"author":"wpadmin2","twitter_card":"summary_large_image","twitter_misc":{"Written by":"wpadmin2","Est. reading time":"2 minutes"},"schema":{"@context":"https:\/\/schema.org","@graph":[{"@type":"Article","@id":"https:\/\/centrumjudaicum.de\/175-jahre-maerzrevolution-1848\/#article","isPartOf":{"@id":"https:\/\/centrumjudaicum.de\/175-jahre-maerzrevolution-1848\/"},"author":{"name":"wpadmin2","@id":"https:\/\/centrumjudaicum.de\/#\/schema\/person\/92a9897d9fc5452e4e01ff70c2fa760d"},"headline":"175 Jahre M\u00e4rzrevolution 1848","datePublished":"2023-03-17T06:39:55+00:00","dateModified":"2024-10-30T14:45:33+00:00","mainEntityOfPage":{"@id":"https:\/\/centrumjudaicum.de\/175-jahre-maerzrevolution-1848\/"},"wordCount":244,"commentCount":0,"publisher":{"@id":"https:\/\/centrumjudaicum.de\/#organization"},"image":{"@id":"https:\/\/centrumjudaicum.de\/175-jahre-maerzrevolution-1848\/#primaryimage"},"thumbnailUrl":"https:\/\/centrumjudaicum.de\/wp-content\/uploads\/2023\/03\/Maerzrevolution1848.jpg","keywords":["175Jahre","M\u00e4rzrevolution 1848"],"articleSection":["Blog Neue Synagoge Berlin"],"inLanguage":"en-US","potentialAction":[{"@type":"CommentAction","name":"Comment","target":["https:\/\/centrumjudaicum.de\/175-jahre-maerzrevolution-1848\/#respond"]}]},{"@type":"WebPage","@id":"https:\/\/centrumjudaicum.de\/175-jahre-maerzrevolution-1848\/","url":"https:\/\/centrumjudaicum.de\/175-jahre-maerzrevolution-1848\/","name":"175 Jahre M\u00e4rzrevolution 1848 - Centrum Judaicum","isPartOf":{"@id":"https:\/\/centrumjudaicum.de\/#website"},"primaryImageOfPage":{"@id":"https:\/\/centrumjudaicum.de\/175-jahre-maerzrevolution-1848\/#primaryimage"},"image":{"@id":"https:\/\/centrumjudaicum.de\/175-jahre-maerzrevolution-1848\/#primaryimage"},"thumbnailUrl":"https:\/\/centrumjudaicum.de\/wp-content\/uploads\/2023\/03\/Maerzrevolution1848.jpg","datePublished":"2023-03-17T06:39:55+00:00","dateModified":"2024-10-30T14:45:33+00:00","description":"Die soziale Unruhe am Vorabend der M\u00e4rzrevolution von 1848 macht auch vor den preu\u00dfischen J\u00fcd:innen nicht halt.","breadcrumb":{"@id":"https:\/\/centrumjudaicum.de\/175-jahre-maerzrevolution-1848\/#breadcrumb"},"inLanguage":"en-US","potentialAction":[{"@type":"ReadAction","target":["https:\/\/centrumjudaicum.de\/175-jahre-maerzrevolution-1848\/"]}]},{"@type":"ImageObject","inLanguage":"en-US","@id":"https:\/\/centrumjudaicum.de\/175-jahre-maerzrevolution-1848\/#primaryimage","url":"https:\/\/centrumjudaicum.de\/wp-content\/uploads\/2023\/03\/Maerzrevolution1848.jpg","contentUrl":"https:\/\/centrumjudaicum.de\/wp-content\/uploads\/2023\/03\/Maerzrevolution1848.jpg","width":600,"height":400,"caption":"175 Jahre M\u00e4rzrevolution 1848"},{"@type":"BreadcrumbList","@id":"https:\/\/centrumjudaicum.de\/175-jahre-maerzrevolution-1848\/#breadcrumb","itemListElement":[{"@type":"ListItem","position":1,"name":"Home","item":"https:\/\/centrumjudaicum.de\/"},{"@type":"ListItem","position":2,"name":"175 Jahre M\u00e4rzrevolution 1848"}]},{"@type":"WebSite","@id":"https:\/\/centrumjudaicum.de\/#website","url":"https:\/\/centrumjudaicum.de\/","name":"Centrum Judaicum","description":"","publisher":{"@id":"https:\/\/centrumjudaicum.de\/#organization"},"potentialAction":[{"@type":"SearchAction","target":{"@type":"EntryPoint","urlTemplate":"https:\/\/centrumjudaicum.de\/?s={search_term_string}"},"query-input":{"@type":"PropertyValueSpecification","valueRequired":true,"valueName":"search_term_string"}}],"inLanguage":"en-US"},{"@type":"Organization","@id":"https:\/\/centrumjudaicum.de\/#organization","name":"Centrum Judaicum","url":"https:\/\/centrumjudaicum.de\/","logo":{"@type":"ImageObject","inLanguage":"en-US","@id":"https:\/\/centrumjudaicum.de\/#\/schema\/logo\/image\/","url":"https:\/\/centrumjudaicum.de\/wp-content\/uploads\/2022\/10\/Logo_Stiftung_Neue_Synagoge_Berlin_Gold_.png","contentUrl":"https:\/\/centrumjudaicum.de\/wp-content\/uploads\/2022\/10\/Logo_Stiftung_Neue_Synagoge_Berlin_Gold_.png","width":1188,"height":409,"caption":"Centrum Judaicum"},"image":{"@id":"https:\/\/centrumjudaicum.de\/#\/schema\/logo\/image\/"}},{"@type":"Person","@id":"https:\/\/centrumjudaicum.de\/#\/schema\/person\/92a9897d9fc5452e4e01ff70c2fa760d","name":"wpadmin2","sameAs":["https:\/\/centrumjudaicum.de"],"url":"https:\/\/centrumjudaicum.de\/en\/author\/wpadmin2\/"}]}},"ticketed":false,"_links":{"self":[{"href":"https:\/\/centrumjudaicum.de\/en\/wp-json\/wp\/v2\/posts\/13215","targetHints":{"allow":["GET"]}}],"collection":[{"href":"https:\/\/centrumjudaicum.de\/en\/wp-json\/wp\/v2\/posts"}],"about":[{"href":"https:\/\/centrumjudaicum.de\/en\/wp-json\/wp\/v2\/types\/post"}],"author":[{"embeddable":true,"href":"https:\/\/centrumjudaicum.de\/en\/wp-json\/wp\/v2\/users\/1"}],"replies":[{"embeddable":true,"href":"https:\/\/centrumjudaicum.de\/en\/wp-json\/wp\/v2\/comments?post=13215"}],"version-history":[{"count":7,"href":"https:\/\/centrumjudaicum.de\/en\/wp-json\/wp\/v2\/posts\/13215\/revisions"}],"predecessor-version":[{"id":22216,"href":"https:\/\/centrumjudaicum.de\/en\/wp-json\/wp\/v2\/posts\/13215\/revisions\/22216"}],"wp:featuredmedia":[{"embeddable":true,"href":"https:\/\/centrumjudaicum.de\/en\/wp-json\/wp\/v2\/media\/13343"}],"wp:attachment":[{"href":"https:\/\/centrumjudaicum.de\/en\/wp-json\/wp\/v2\/media?parent=13215"}],"wp:term":[{"taxonomy":"category","embeddable":true,"href":"https:\/\/centrumjudaicum.de\/en\/wp-json\/wp\/v2\/categories?post=13215"},{"taxonomy":"post_tag","embeddable":true,"href":"https:\/\/centrumjudaicum.de\/en\/wp-json\/wp\/v2\/tags?post=13215"}],"curies":[{"name":"wp","href":"https:\/\/api.w.org\/{rel}","templated":true}]}}