{"id":20827,"date":"2024-05-21T15:33:45","date_gmt":"2024-05-21T13:33:45","guid":{"rendered":"https:\/\/centrumjudaicum.de\/?p=20827"},"modified":"2024-11-13T14:25:00","modified_gmt":"2024-11-13T13:25:00","slug":"polizeigewalt-im-scheunenviertel","status":"publish","type":"post","link":"https:\/\/centrumjudaicum.de\/en\/polizeigewalt-im-scheunenviertel\/","title":{"rendered":"Polizeigewalt im Scheunenviertel"},"content":{"rendered":"\t\t<div data-elementor-type=\"wp-post\" data-elementor-id=\"20827\" class=\"elementor elementor-20827\" data-elementor-post-type=\"post\">\n\t\t\t\t\t\t<section class=\"elementor-section elementor-top-section elementor-element elementor-element-a37422b elementor-section-boxed elementor-section-height-default elementor-section-height-default\" data-id=\"a37422b\" data-element_type=\"section\" data-e-type=\"section\">\n\t\t\t\t\t\t<div class=\"elementor-container elementor-column-gap-default\">\n\t\t\t\t\t<div class=\"elementor-column elementor-col-100 elementor-top-column elementor-element elementor-element-6925fd93\" data-id=\"6925fd93\" data-element_type=\"column\" data-e-type=\"column\">\n\t\t\t<div class=\"elementor-widget-wrap elementor-element-populated\">\n\t\t\t\t\t\t<div class=\"elementor-element elementor-element-26db383 elementor-widget elementor-widget-heading\" data-id=\"26db383\" data-element_type=\"widget\" data-e-type=\"widget\" data-widget_type=\"heading.default\">\n\t\t\t\t<div class=\"elementor-widget-container\">\n\t\t\t\t\t<h2 class=\"elementor-heading-title elementor-size-default\"><p>&nbsp;<b>Polizeigewalt im Scheunenviertel<\/b><span><\/span><\/p><\/h2>\t\t\t\t<\/div>\n\t\t\t\t<\/div>\n\t\t\t\t\t<\/div>\n\t\t<\/div>\n\t\t\t\t\t<\/div>\n\t\t<\/section>\n\t\t\t\t<section class=\"elementor-section elementor-top-section elementor-element elementor-element-38b0d0f8 elementor-section-boxed elementor-section-height-default elementor-section-height-default\" data-id=\"38b0d0f8\" data-element_type=\"section\" data-e-type=\"section\">\n\t\t\t\t\t\t<div class=\"elementor-container elementor-column-gap-default\">\n\t\t\t\t\t<div class=\"elementor-column elementor-col-50 elementor-top-column elementor-element elementor-element-751a4cfc\" data-id=\"751a4cfc\" data-element_type=\"column\" data-e-type=\"column\">\n\t\t\t<div class=\"elementor-widget-wrap\">\n\t\t\t\t\t\t\t<\/div>\n\t\t<\/div>\n\t\t\t\t<div class=\"elementor-column elementor-col-50 elementor-top-column elementor-element elementor-element-679299bc\" data-id=\"679299bc\" data-element_type=\"column\" data-e-type=\"column\">\n\t\t\t<div class=\"elementor-widget-wrap elementor-element-populated\">\n\t\t\t\t\t\t<div class=\"elementor-element elementor-element-15ab319b elementor-widget elementor-widget-text-editor\" data-id=\"15ab319b\" data-element_type=\"widget\" data-e-type=\"widget\" data-widget_type=\"text-editor.default\">\n\t\t\t\t<div class=\"elementor-widget-container\">\n\t\t\t\t\t\t\t\t\t<p><em>Matthea Kiesant, Studierende der Europa-Universit\u00e4t Viadrina Frankfurt (Oder)<\/em><\/p>\t\t\t\t\t\t\t\t<\/div>\n\t\t\t\t<\/div>\n\t\t\t\t\t<\/div>\n\t\t<\/div>\n\t\t\t\t\t<\/div>\n\t\t<\/section>\n\t\t\t\t<section class=\"elementor-section elementor-top-section elementor-element elementor-element-78fe715c elementor-section-boxed elementor-section-height-default elementor-section-height-default\" data-id=\"78fe715c\" data-element_type=\"section\" data-e-type=\"section\">\n\t\t\t\t\t\t<div class=\"elementor-container elementor-column-gap-default\">\n\t\t\t\t\t<div class=\"elementor-column elementor-col-100 elementor-top-column elementor-element elementor-element-8750075\" data-id=\"8750075\" data-element_type=\"column\" data-e-type=\"column\">\n\t\t\t<div class=\"elementor-widget-wrap elementor-element-populated\">\n\t\t\t\t\t\t<div class=\"elementor-element elementor-element-7ab9962f elementor-widget-divider--view-line_icon elementor-view-default elementor-widget-divider--element-align-center elementor-widget elementor-widget-divider\" data-id=\"7ab9962f\" data-element_type=\"widget\" data-e-type=\"widget\" data-widget_type=\"divider.default\">\n\t\t\t\t<div class=\"elementor-widget-container\">\n\t\t\t\t\t\t\t<div class=\"elementor-divider\">\n\t\t\t<span class=\"elementor-divider-separator\">\n\t\t\t\t\t\t\t<div class=\"elementor-icon elementor-divider__element\">\n\t\t\t\t\t<i aria-hidden=\"true\" class=\"fas fa-book-open\"><\/i><\/div>\n\t\t\t\t\t\t<\/span>\n\t\t<\/div>\n\t\t\t\t\t\t<\/div>\n\t\t\t\t<\/div>\n\t\t\t\t\t<\/div>\n\t\t<\/div>\n\t\t\t\t\t<\/div>\n\t\t<\/section>\n\t\t\t\t<section class=\"elementor-section elementor-top-section elementor-element elementor-element-4367e39a elementor-section-boxed elementor-section-height-default elementor-section-height-default\" data-id=\"4367e39a\" data-element_type=\"section\" data-e-type=\"section\">\n\t\t\t\t\t\t<div class=\"elementor-container elementor-column-gap-default\">\n\t\t\t\t\t<div class=\"elementor-column elementor-col-100 elementor-top-column elementor-element elementor-element-7cd1d4c4\" data-id=\"7cd1d4c4\" data-element_type=\"column\" data-e-type=\"column\">\n\t\t\t<div class=\"elementor-widget-wrap\">\n\t\t\t\t\t\t\t<\/div>\n\t\t<\/div>\n\t\t\t\t\t<\/div>\n\t\t<\/section>\n\t\t\t\t<section class=\"elementor-section elementor-top-section elementor-element elementor-element-18392690 elementor-section-boxed elementor-section-height-default elementor-section-height-default\" data-id=\"18392690\" data-element_type=\"section\" data-e-type=\"section\">\n\t\t\t\t\t\t<div class=\"elementor-container elementor-column-gap-default\">\n\t\t\t\t\t<div class=\"elementor-column elementor-col-100 elementor-top-column elementor-element elementor-element-7183850\" data-id=\"7183850\" data-element_type=\"column\" data-e-type=\"column\" data-settings=\"{&quot;motion_fx_motion_fx_scrolling&quot;:&quot;yes&quot;,&quot;motion_fx_devices&quot;:[&quot;desktop&quot;,&quot;tablet&quot;,&quot;mobile&quot;]}\">\n\t\t\t<div class=\"elementor-widget-wrap elementor-element-populated\">\n\t\t\t\t\t\t<div class=\"elementor-element elementor-element-70b01a59 elementor-widget elementor-widget-text-editor\" data-id=\"70b01a59\" data-element_type=\"widget\" data-e-type=\"widget\" data-widget_type=\"text-editor.default\">\n\t\t\t\t<div class=\"elementor-widget-container\">\n\t\t\t\t\t\t\t\t\t<p>Das Scheunenviertel entfaltete sich im fr\u00fchen 20. Jahrhundert nicht nur als Ort politischer Unruhen, sondern auch als Brennpunkt sozialer Probleme. Eine Vielzahl von Themen wie linke Versammlungen, wachsende Armut und der Aufstieg des illegalen Handels verschmolzen in dieser Umgebung. Die Spartakisten und die sp\u00e4tere Kommunistische Partei Deutschlands (KPD) fanden hier eine B\u00fchne f\u00fcr ihre Revolutionsversuche, w\u00e4hrend das Viertel zugleich von zunehmender sozio\u00f6konomischer Benachteiligung gepr\u00e4gt war, was zur Entstehung inoffizieller wirtschaftlicher Strukturen f\u00fchrte. Beispielsweise befanden sich wichtige linke Versammlungsorte im Scheunenviertel oder in unmittelbarer N\u00e4he, wie das Handwerkervereinshaus in der Sophienstra\u00dfe oder die Parteizentrale der KPD, die sich zun\u00e4chst in der Rosenthaler Stra\u00dfe und ab 1926 im Karl-Liebknecht-Haus befand.<\/p><p>W\u00e4hrend des Ersten Weltkriegs versuchte die Regierung den Handel zu regulieren, doch nach Kriegsende breitete sich der illegale Handel weiter aus. Die Polizei \u00e4nderte ihre Strategien und konzentrierte sich zunehmend auf die Kontrolle der Orte, an denen der Stra\u00dfenhandel florierte. Diese Kontrollen richteten sich verst\u00e4rkt gegen bestimmte Bev\u00f6lkerungsgruppen, insbesondere gegen j\u00fcdische Migrant:innen aus Osteuropa. Trotz intensiver Polizeipr\u00e4senz blieben die Stra\u00dfenh\u00e4ndler:innen mobil und fanden immer wieder neue Wege, ihren Handel zu betreiben. Eine der ersten, gro\u00df angelegten, Polizeirazzien richtete sich gegen die Stra\u00dfenh\u00e4ndler:innen im Scheunenviertel. Am 14. April 1919 zogen schwer bewaffnete Polizei- und Milit\u00e4rtruppen Stacheldraht \u00fcber die Stra\u00dfen des Scheunenviertels und sperrten die Menschenmassen ein. Etwa 300 Soldaten r\u00fcckten zus\u00e4tzlich an. Am n\u00e4chsten Tag schrieben die Zeitungen von Zusammenst\u00f6\u00dfen, bei denen ein Soldat, zwei Arbeiter und ein B\u00e4cker get\u00f6tet wurden. Viele andere erlitten Schusswunden. Die Truppen luden sechzig Personen auf Lastwagen und fuhren zum Polizeipr\u00e4sidium am Alexanderplatz, wo sie verh\u00f6rt wurden.<\/p>\t\t\t\t\t\t\t\t<\/div>\n\t\t\t\t<\/div>\n\t\t\t\t\t<\/div>\n\t\t<\/div>\n\t\t\t\t\t<\/div>\n\t\t<\/section>\n\t\t\t\t<section class=\"elementor-section elementor-top-section elementor-element elementor-element-62eb2fd7 elementor-section-boxed elementor-section-height-default elementor-section-height-default\" data-id=\"62eb2fd7\" data-element_type=\"section\" data-e-type=\"section\">\n\t\t\t\t\t\t<div class=\"elementor-container elementor-column-gap-default\">\n\t\t\t\t\t<div class=\"elementor-column elementor-col-100 elementor-top-column elementor-element elementor-element-1092a149\" data-id=\"1092a149\" data-element_type=\"column\" data-e-type=\"column\">\n\t\t\t<div class=\"elementor-widget-wrap elementor-element-populated\">\n\t\t\t\t\t\t<div class=\"elementor-element elementor-element-20ea6e40 elementor-widget-divider--view-line_icon elementor-view-default elementor-widget-divider--element-align-center elementor-widget elementor-widget-divider\" data-id=\"20ea6e40\" data-element_type=\"widget\" data-e-type=\"widget\" data-widget_type=\"divider.default\">\n\t\t\t\t<div class=\"elementor-widget-container\">\n\t\t\t\t\t\t\t<div class=\"elementor-divider\">\n\t\t\t<span class=\"elementor-divider-separator\">\n\t\t\t\t\t\t\t<div class=\"elementor-icon elementor-divider__element\">\n\t\t\t\t\t<i aria-hidden=\"true\" class=\"fas fa-book-open\"><\/i><\/div>\n\t\t\t\t\t\t<\/span>\n\t\t<\/div>\n\t\t\t\t\t\t<\/div>\n\t\t\t\t<\/div>\n\t\t\t\t\t<\/div>\n\t\t<\/div>\n\t\t\t\t\t<\/div>\n\t\t<\/section>\n\t\t\t\t<section class=\"elementor-section elementor-top-section elementor-element elementor-element-b1c70bc elementor-section-boxed elementor-section-height-default elementor-section-height-default\" data-id=\"b1c70bc\" data-element_type=\"section\" data-e-type=\"section\">\n\t\t\t\t\t\t<div class=\"elementor-container elementor-column-gap-default\">\n\t\t\t\t\t<div class=\"elementor-column elementor-col-100 elementor-top-column elementor-element elementor-element-ee82e35\" data-id=\"ee82e35\" data-element_type=\"column\" data-e-type=\"column\" data-settings=\"{&quot;motion_fx_motion_fx_scrolling&quot;:&quot;yes&quot;,&quot;motion_fx_devices&quot;:[&quot;desktop&quot;,&quot;tablet&quot;,&quot;mobile&quot;]}\">\n\t\t\t<div class=\"elementor-widget-wrap elementor-element-populated\">\n\t\t\t\t\t\t<div class=\"elementor-element elementor-element-2123aef elementor-widget elementor-widget-text-editor\" data-id=\"2123aef\" data-element_type=\"widget\" data-e-type=\"widget\" data-widget_type=\"text-editor.default\">\n\t\t\t\t<div class=\"elementor-widget-container\">\n\t\t\t\t\t\t\t\t\t<p>Insbesondere in der Grenadierstra\u00dfe (heute Almstadtstra\u00dfe) erlebte das j\u00fcdische Leben einen Aufschwung mit zahlreichen Gesch\u00e4ften, Pensionen und Betstuben. Jedoch wurden die j\u00fcdischen Bewohner:innen regelm\u00e4\u00dfig Opfer rassistischer und antisemitischer Razzien, verst\u00e4rkt durch eine negative Darstellung in den Medien und politische Diskurse. Diese Razzien dienten dazu, die j\u00fcdischen Bewohner:innen als St\u00f6rfaktoren im Viertel zu konstruieren und trugen ma\u00dfgeblich dazu bei, dass das Scheunenviertel von weiten Teilen der Bev\u00f6lkerung als &#8222;kriminell&#8220; wahrgenommen wurde. Diese rassistischen und antisemitischen Polizeikontrollen verst\u00e4rkten die Vorstellung, dass j\u00fcdische Migrant:innen keinen Platz in der Gesellschaft haben sollten, und machten das Scheunenviertel zu einem symbolischen Ort f\u00fcr die preu\u00dfische Migrationspolitik.<\/p>\n<p>Bereits Ende des 19. Jahrhunderts spielte der Rassismus und Antisemitismus der Anwohner:innen eine entscheidende Rolle, wie aus zahlreichen Petitionen an die Berliner Stadtverordnetenversammlung hervorgeht. Einige dieser Petitionen zielten darauf ab, arme, migrantische und j\u00fcdische Bewohner:innen aus dem Viertel zu verdr\u00e4ngen.<\/p>\n<p>Folgende Berichte aus dem Jahr 1920 zeigen deutlich, dass es bei den Polizeirazzien l\u00e4ngst nicht mehr nur um illegalen Stra\u00dfenhandel ging. Auch wenn einige der Razzien, noch im Namen des Kampfes gegen den sogenannten \u201ewilden Stra\u00dfenhandel\u201c stattfanden, stellte sich die Realit\u00e4t anders dar:<\/p>\n<p>Am 13. Februar 1920 schreibt die SPD-Parteizeitung Vorw\u00e4rts \u00fcber eine Razzia, die am Tag zuvor im Scheunenviertel stattgefunden hatte: \u201eAlle Personen, die sich nicht ausweisen konnten, wurden festgenommen.\u201c<\/p>\n<p><\/p>\t\t\t\t\t\t\t\t<\/div>\n\t\t\t\t<\/div>\n\t\t\t\t\t<\/div>\n\t\t<\/div>\n\t\t\t\t\t<\/div>\n\t\t<\/section>\n\t\t\t\t<section class=\"elementor-section elementor-top-section elementor-element elementor-element-34a61abc elementor-section-boxed elementor-section-height-default elementor-section-height-default\" data-id=\"34a61abc\" data-element_type=\"section\" data-e-type=\"section\">\n\t\t\t\t\t\t<div class=\"elementor-container elementor-column-gap-default\">\n\t\t\t\t\t<div class=\"elementor-column elementor-col-100 elementor-top-column elementor-element elementor-element-61eb4a27\" data-id=\"61eb4a27\" data-element_type=\"column\" data-e-type=\"column\">\n\t\t\t<div class=\"elementor-widget-wrap elementor-element-populated\">\n\t\t\t\t\t\t<div class=\"elementor-element elementor-element-432a9601 elementor-widget-divider--view-line_icon elementor-view-default elementor-widget-divider--element-align-center elementor-widget elementor-widget-divider\" data-id=\"432a9601\" data-element_type=\"widget\" data-e-type=\"widget\" data-widget_type=\"divider.default\">\n\t\t\t\t<div class=\"elementor-widget-container\">\n\t\t\t\t\t\t\t<div class=\"elementor-divider\">\n\t\t\t<span class=\"elementor-divider-separator\">\n\t\t\t\t\t\t\t<div class=\"elementor-icon elementor-divider__element\">\n\t\t\t\t\t<i aria-hidden=\"true\" class=\"fas fa-book-open\"><\/i><\/div>\n\t\t\t\t\t\t<\/span>\n\t\t<\/div>\n\t\t\t\t\t\t<\/div>\n\t\t\t\t<\/div>\n\t\t\t\t\t<\/div>\n\t\t<\/div>\n\t\t\t\t\t<\/div>\n\t\t<\/section>\n\t\t\t\t<section class=\"elementor-section elementor-top-section elementor-element elementor-element-15d92957 elementor-section-boxed elementor-section-height-default elementor-section-height-default\" data-id=\"15d92957\" data-element_type=\"section\" data-e-type=\"section\">\n\t\t\t\t\t\t<div class=\"elementor-container elementor-column-gap-default\">\n\t\t\t\t\t<div class=\"elementor-column elementor-col-100 elementor-top-column elementor-element elementor-element-7ea04f21\" data-id=\"7ea04f21\" data-element_type=\"column\" data-e-type=\"column\">\n\t\t\t<div class=\"elementor-widget-wrap\">\n\t\t\t\t\t\t\t<\/div>\n\t\t<\/div>\n\t\t\t\t\t<\/div>\n\t\t<\/section>\n\t\t\t\t<section class=\"elementor-section elementor-top-section elementor-element elementor-element-67389fff elementor-section-boxed elementor-section-height-default elementor-section-height-default\" data-id=\"67389fff\" data-element_type=\"section\" data-e-type=\"section\">\n\t\t\t\t\t\t<div class=\"elementor-container elementor-column-gap-default\">\n\t\t\t\t\t<div class=\"elementor-column elementor-col-50 elementor-top-column elementor-element elementor-element-5da50172\" data-id=\"5da50172\" data-element_type=\"column\" data-e-type=\"column\">\n\t\t\t<div class=\"elementor-widget-wrap elementor-element-populated\">\n\t\t\t\t\t\t<div class=\"elementor-element elementor-element-1c50334b elementor-widget__width-initial elementor-widget elementor-widget-text-editor\" data-id=\"1c50334b\" data-element_type=\"widget\" data-e-type=\"widget\" data-widget_type=\"text-editor.default\">\n\t\t\t\t<div class=\"elementor-widget-container\">\n\t\t\t\t\t\t\t\t\t<p>Am 17. Februar 1920 blockiert die Polizei die Ausg\u00e4nge der Grenadierstra\u00dfe und kontrolliert die Ausweispapiere der Menschen, die durchsucht, verhaftet und in Barracken interniert werden.<\/p><p>Am 20. Februar 1920 l\u00e4sst der Berliner Polizeipr\u00e4sident im Scheunenviertel eine gro\u00dfangelegte Razzia durchf\u00fchren, bei der vorl\u00e4ufig 700 Personen festgenommen werden.<\/p><p>Am 26.02.1920 schreibt der Vorw\u00e4rts: \u201eEine erneute Razzia im Scheunenviertel wurde gestern mittag von der Sicherheitspolizei vorgenommen. S\u00e4mtliche H\u00e4user in der Grenadierstra\u00dfe wurden umstellt und durchsucht, und 700 Personen mu\u00dften den Weg zur Alexanderkaserne antreten, wo sie sich einer Leibesuntersuchung unterziehen mu\u00dften.\u201c<\/p>\t\t\t\t\t\t\t\t<\/div>\n\t\t\t\t<\/div>\n\t\t\t\t\t<\/div>\n\t\t<\/div>\n\t\t\t\t<div class=\"elementor-column elementor-col-50 elementor-top-column elementor-element elementor-element-1621394c\" data-id=\"1621394c\" data-element_type=\"column\" data-e-type=\"column\">\n\t\t\t<div class=\"elementor-widget-wrap elementor-element-populated\">\n\t\t\t\t\t\t<div class=\"elementor-element elementor-element-7bde6077 elementor-widget__width-initial elementor-widget elementor-widget-image\" data-id=\"7bde6077\" data-element_type=\"widget\" data-e-type=\"widget\" data-widget_type=\"image.default\">\n\t\t\t\t<div class=\"elementor-widget-container\">\n\t\t\t\t\t\t\t\t\t\t\t\t<figure class=\"wp-caption\">\n\t\t\t\t\t\t\t\t\t\t<img fetchpriority=\"high\" decoding=\"async\" width=\"600\" height=\"400\" src=\"https:\/\/centrumjudaicum.de\/wp-content\/uploads\/2024\/05\/Razzia-in-der-Grenadierstrasse-c-ullstein-bild.jpeg\" class=\"attachment-full size-full wp-image-20831\" alt=\"Razzia und Polizeigewalt in der Grenadierstrasse 1923\" srcset=\"https:\/\/centrumjudaicum.de\/wp-content\/uploads\/2024\/05\/Razzia-in-der-Grenadierstrasse-c-ullstein-bild.jpeg 600w, https:\/\/centrumjudaicum.de\/wp-content\/uploads\/2024\/05\/Razzia-in-der-Grenadierstrasse-c-ullstein-bild-300x200.jpeg 300w, https:\/\/centrumjudaicum.de\/wp-content\/uploads\/2024\/05\/Razzia-in-der-Grenadierstrasse-c-ullstein-bild-18x12.jpeg 18w\" sizes=\"(max-width: 600px) 100vw, 600px\" \/>\t\t\t\t\t\t\t\t\t\t\t<figcaption class=\"widget-image-caption wp-caption-text\">Razzia in der Grenadierstrasse (c) ullstein bild<\/figcaption>\n\t\t\t\t\t\t\t\t\t\t<\/figure>\n\t\t\t\t\t\t\t\t\t<\/div>\n\t\t\t\t<\/div>\n\t\t\t\t\t<\/div>\n\t\t<\/div>\n\t\t\t\t\t<\/div>\n\t\t<\/section>\n\t\t\t\t<section class=\"elementor-section elementor-top-section elementor-element elementor-element-58ff771 elementor-section-boxed elementor-section-height-default elementor-section-height-default\" data-id=\"58ff771\" data-element_type=\"section\" data-e-type=\"section\">\n\t\t\t\t\t\t<div class=\"elementor-container elementor-column-gap-default\">\n\t\t\t\t\t<div class=\"elementor-column elementor-col-100 elementor-top-column elementor-element elementor-element-c7a8f58\" data-id=\"c7a8f58\" data-element_type=\"column\" data-e-type=\"column\">\n\t\t\t<div class=\"elementor-widget-wrap elementor-element-populated\">\n\t\t\t\t\t\t<div class=\"elementor-element elementor-element-8e07c81 elementor-widget elementor-widget-spacer\" data-id=\"8e07c81\" data-element_type=\"widget\" data-e-type=\"widget\" data-widget_type=\"spacer.default\">\n\t\t\t\t<div class=\"elementor-widget-container\">\n\t\t\t\t\t\t\t<div class=\"elementor-spacer\">\n\t\t\t<div class=\"elementor-spacer-inner\"><\/div>\n\t\t<\/div>\n\t\t\t\t\t\t<\/div>\n\t\t\t\t<\/div>\n\t\t\t\t\t<\/div>\n\t\t<\/div>\n\t\t\t\t\t<\/div>\n\t\t<\/section>\n\t\t\t\t<section class=\"elementor-section elementor-top-section elementor-element elementor-element-fe4e07a elementor-section-boxed elementor-section-height-default elementor-section-height-default\" data-id=\"fe4e07a\" data-element_type=\"section\" data-e-type=\"section\">\n\t\t\t\t\t\t<div class=\"elementor-container elementor-column-gap-default\">\n\t\t\t\t\t<div class=\"elementor-column elementor-col-100 elementor-top-column elementor-element elementor-element-c6059d2\" data-id=\"c6059d2\" data-element_type=\"column\" data-e-type=\"column\" data-settings=\"{&quot;motion_fx_motion_fx_scrolling&quot;:&quot;yes&quot;,&quot;motion_fx_devices&quot;:[&quot;desktop&quot;,&quot;tablet&quot;,&quot;mobile&quot;]}\">\n\t\t\t<div class=\"elementor-widget-wrap elementor-element-populated\">\n\t\t\t\t\t\t<div class=\"elementor-element elementor-element-dd2cb1c elementor-widget elementor-widget-text-editor\" data-id=\"dd2cb1c\" data-element_type=\"widget\" data-e-type=\"widget\" data-widget_type=\"text-editor.default\">\n\t\t\t\t<div class=\"elementor-widget-container\">\n\t\t\t\t\t\t\t\t\t<p>Anfang M\u00e4rz 1920 werden weitere 300 Personen verhaftet aufgrund von illegalem Stra\u00dfenhandel, weil sie sich nicht ausweisen konnten oder \u201eanderweitig verd\u00e4chtig waren\u201c.<\/p><p>27. M\u00e4rz 1920: Unter Anwendung des Kriegsrechtes rief General von Seeckt zur Festnahme aller Personen auf, die eines Verbrechens verd\u00e4chtigt wurden oder sich nicht ausweisen konnten. In vielen deutschen Zeitungen wurde diese Razzia als \u201eMa\u00dfnahme gegen l\u00e4stige Ausl\u00e4nder\u201c dargestellt. Gemeinsam nahmen Milit\u00e4r und Polizei etwa 1000 Menschen fest, darunter auch Frauen und Kinder. Etwa 300 Personen wurden anschlie\u00dfend ohne Gerichtsverfahren im Internierungslager W\u00fcnsdorf-Zossen untergebracht. Das sogenannte Halbmondlager hatte w\u00e4hrend des Ersten Weltkriegs als Kriegsgefangenenlager muslimischer Soldaten gedient. Diese willk\u00fcrliche Internierung der Menschen avancierte zu einem politischen Skandal und das j\u00fcdische Arbeiterf\u00fcrsorgeamt (AFA) mischte sich ein. Da die Anschuldigungen der Polizei nicht nachgewiesen werden konnten, wurden schlie\u00dflich die meisten j\u00fcdischen Gefangenen nach wenigen Tagen wieder freigelassen, was allerdings nicht das Ende der Internierungspolitik bedeutete.<\/p><p>Die tief verwurzelten Vorurteile boten den idealen N\u00e4hrboden f\u00fcr antisemitische Agitatoren, die am 5. November 1923 gen\u00fcgend Menschen mobilisierten, um ein Pogrom gegen die j\u00fcdischen Migrant:innen im Scheunenviertel zu ver\u00fcben.<\/p><p>\u00a0<\/p>\t\t\t\t\t\t\t\t<\/div>\n\t\t\t\t<\/div>\n\t\t\t\t\t<\/div>\n\t\t<\/div>\n\t\t\t\t\t<\/div>\n\t\t<\/section>\n\t\t\t\t<section class=\"elementor-section elementor-top-section elementor-element elementor-element-43dae454 elementor-section-boxed elementor-section-height-default elementor-section-height-default\" data-id=\"43dae454\" data-element_type=\"section\" data-e-type=\"section\">\n\t\t\t\t\t\t<div class=\"elementor-container elementor-column-gap-default\">\n\t\t\t\t\t<div class=\"elementor-column elementor-col-100 elementor-top-column elementor-element elementor-element-a0e50a0\" data-id=\"a0e50a0\" data-element_type=\"column\" data-e-type=\"column\">\n\t\t\t<div class=\"elementor-widget-wrap elementor-element-populated\">\n\t\t\t\t\t\t<div class=\"elementor-element elementor-element-3a9654ac elementor-widget elementor-widget-spacer\" data-id=\"3a9654ac\" data-element_type=\"widget\" data-e-type=\"widget\" data-widget_type=\"spacer.default\">\n\t\t\t\t<div class=\"elementor-widget-container\">\n\t\t\t\t\t\t\t<div class=\"elementor-spacer\">\n\t\t\t<div class=\"elementor-spacer-inner\"><\/div>\n\t\t<\/div>\n\t\t\t\t\t\t<\/div>\n\t\t\t\t<\/div>\n\t\t\t\t\t<\/div>\n\t\t<\/div>\n\t\t\t\t\t<\/div>\n\t\t<\/section>\n\t\t\t\t<section class=\"elementor-section elementor-top-section elementor-element elementor-element-2ddcda0d elementor-section-boxed elementor-section-height-default elementor-section-height-default\" data-id=\"2ddcda0d\" data-element_type=\"section\" data-e-type=\"section\">\n\t\t\t\t\t\t<div class=\"elementor-container elementor-column-gap-default\">\n\t\t\t\t\t<div class=\"elementor-column elementor-col-100 elementor-top-column elementor-element elementor-element-18aecab3\" data-id=\"18aecab3\" data-element_type=\"column\" data-e-type=\"column\">\n\t\t\t<div class=\"elementor-widget-wrap elementor-element-populated\">\n\t\t\t\t\t\t<div class=\"elementor-element elementor-element-71094a93 elementor-widget elementor-widget-text-editor\" data-id=\"71094a93\" data-element_type=\"widget\" data-e-type=\"widget\" data-widget_type=\"text-editor.default\">\n\t\t\t\t<div class=\"elementor-widget-container\">\n\t\t\t\t\t\t\t\t\t<p>Teilen<\/p>\t\t\t\t\t\t\t\t<\/div>\n\t\t\t\t<\/div>\n\t\t\t\t\t<\/div>\n\t\t<\/div>\n\t\t\t\t\t<\/div>\n\t\t<\/section>\n\t\t\t\t<section class=\"elementor-section elementor-top-section elementor-element elementor-element-7cf4204 elementor-section-boxed elementor-section-height-default elementor-section-height-default\" data-id=\"7cf4204\" data-element_type=\"section\" data-e-type=\"section\">\n\t\t\t\t\t\t<div class=\"elementor-container elementor-column-gap-default\">\n\t\t\t\t\t<div class=\"elementor-column elementor-col-100 elementor-top-column elementor-element elementor-element-717d84d3\" data-id=\"717d84d3\" data-element_type=\"column\" data-e-type=\"column\">\n\t\t\t<div class=\"elementor-widget-wrap elementor-element-populated\">\n\t\t\t\t\t\t<div class=\"elementor-element elementor-element-57649156 elementor-share-buttons--view-icon elementor-share-buttons--shape-circle elementor-share-buttons--skin-gradient elementor-grid-0 elementor-share-buttons--color-official elementor-widget elementor-widget-share-buttons\" data-id=\"57649156\" data-element_type=\"widget\" data-e-type=\"widget\" data-widget_type=\"share-buttons.default\">\n\t\t\t\t<div class=\"elementor-widget-container\">\n\t\t\t\t\t\t\t<div class=\"elementor-grid\" role=\"list\">\n\t\t\t\t\t\t\t\t<div class=\"elementor-grid-item\" role=\"listitem\">\n\t\t\t\t\t\t<div class=\"elementor-share-btn elementor-share-btn_facebook\" role=\"button\" tabindex=\"0\" aria-label=\"Share on facebook\">\n\t\t\t\t\t\t\t\t\t\t\t\t\t\t\t<span class=\"elementor-share-btn__icon\">\n\t\t\t\t\t\t\t\t<i class=\"fab fa-facebook\" aria-hidden=\"true\"><\/i>\t\t\t\t\t\t\t<\/span>\n\t\t\t\t\t\t\t\t\t\t\t\t\t\t\t\t\t\t\t\t<\/div>\n\t\t\t\t\t<\/div>\n\t\t\t\t\t\t\t\t\t<div class=\"elementor-grid-item\" role=\"listitem\">\n\t\t\t\t\t\t<div class=\"elementor-share-btn elementor-share-btn_twitter\" role=\"button\" tabindex=\"0\" aria-label=\"Share on twitter\">\n\t\t\t\t\t\t\t\t\t\t\t\t\t\t\t<span class=\"elementor-share-btn__icon\">\n\t\t\t\t\t\t\t\t<i class=\"fab fa-twitter\" aria-hidden=\"true\"><\/i>\t\t\t\t\t\t\t<\/span>\n\t\t\t\t\t\t\t\t\t\t\t\t\t\t\t\t\t\t\t\t<\/div>\n\t\t\t\t\t<\/div>\n\t\t\t\t\t\t\t\t\t<div class=\"elementor-grid-item\" role=\"listitem\">\n\t\t\t\t\t\t<div class=\"elementor-share-btn elementor-share-btn_linkedin\" role=\"button\" tabindex=\"0\" aria-label=\"Share on linkedin\">\n\t\t\t\t\t\t\t\t\t\t\t\t\t\t\t<span class=\"elementor-share-btn__icon\">\n\t\t\t\t\t\t\t\t<i class=\"fab fa-linkedin\" aria-hidden=\"true\"><\/i>\t\t\t\t\t\t\t<\/span>\n\t\t\t\t\t\t\t\t\t\t\t\t\t\t\t\t\t\t\t\t<\/div>\n\t\t\t\t\t<\/div>\n\t\t\t\t\t\t\t\t\t<div class=\"elementor-grid-item\" role=\"listitem\">\n\t\t\t\t\t\t<div class=\"elementor-share-btn elementor-share-btn_whatsapp\" role=\"button\" tabindex=\"0\" aria-label=\"Share on whatsapp\">\n\t\t\t\t\t\t\t\t\t\t\t\t\t\t\t<span class=\"elementor-share-btn__icon\">\n\t\t\t\t\t\t\t\t<i class=\"fab fa-whatsapp\" aria-hidden=\"true\"><\/i>\t\t\t\t\t\t\t<\/span>\n\t\t\t\t\t\t\t\t\t\t\t\t\t\t\t\t\t\t\t\t<\/div>\n\t\t\t\t\t<\/div>\n\t\t\t\t\t\t<\/div>\n\t\t\t\t\t\t<\/div>\n\t\t\t\t<\/div>\n\t\t\t\t\t<\/div>\n\t\t<\/div>\n\t\t\t\t\t<\/div>\n\t\t<\/section>\n\t\t\t\t<\/div>\n\t\t","protected":false},"excerpt":{"rendered":"<p>Das Scheunenviertel entfaltete sich im fr\u00fchen 20. Jahrhundert nicht nur als Ort politischer Unruhen, sondern auch als Brennpunkt sozialer Probleme. Eine Vielzahl von Themen wie linke Versammlungen, wachsende Armut und der Aufstieg des illegalen Handels verschmolzen in dieser Umgebung. <\/p>","protected":false},"author":3,"featured_media":20831,"comment_status":"closed","ping_status":"open","sticky":false,"template":"","format":"standard","meta":{"_tec_requires_first_save":true,"_price":"","_stock":"","_tribe_ticket_header":"","_tribe_default_ticket_provider":"","_tribe_ticket_capacity":"0","_ticket_start_date":"","_ticket_end_date":"","_tribe_ticket_show_description":"","_tribe_ticket_show_not_going":false,"_tribe_ticket_use_global_stock":"","_tribe_ticket_global_stock_level":"","_global_stock_mode":"","_global_stock_cap":"","_tribe_rsvp_for_event":"","_tribe_ticket_going_count":"","_tribe_ticket_not_going_count":"","_tribe_tickets_list":"[]","_tribe_ticket_has_attendee_info_fields":false,"_EventAllDay":false,"_EventTimezone":"","_EventStartDate":"","_EventEndDate":"","_EventStartDateUTC":"","_EventEndDateUTC":"","_EventShowMap":false,"_EventShowMapLink":false,"_EventURL":"","_EventCost":"","_EventCostDescription":"","_EventCurrencySymbol":"","_EventCurrencyCode":"","_EventCurrencyPosition":"","_EventDateTimeSeparator":"","_EventTimeRangeSeparator":"","_EventOrganizerID":[],"_EventVenueID":[],"_OrganizerEmail":"","_OrganizerPhone":"","_OrganizerWebsite":"","_VenueAddress":"","_VenueCity":"","_VenueCountry":"","_VenueProvince":"","_VenueState":"","_VenueZip":"","_VenuePhone":"","_VenueURL":"","_VenueStateProvince":"","_VenueLat":"","_VenueLng":"","_VenueShowMap":false,"_VenueShowMapLink":false,"_tribe_blocks_recurrence_rules":"","_tribe_blocks_recurrence_description":"","_tribe_blocks_recurrence_exclusions":"","footnotes":"","_tec_slr_enabled":"","_tec_slr_layout":""},"categories":[131,129,130],"tags":[142,134],"class_list":["post-20827","post","type-post","status-publish","format-standard","has-post-thumbnail","hentry","category-orte","category-scheunenviertel","category-spandauer-vorstadt","tag-polizeigewalt","tag-spandauer-vorstadt"],"yoast_head":"<!-- This site is optimized with the Yoast SEO Premium plugin v26.1 (Yoast SEO v27.5) - https:\/\/yoast.com\/product\/yoast-seo-premium-wordpress\/ -->\n<title>Polizeigewalt im Scheunenviertel - Centrum Judaicum<\/title>\n<meta name=\"robots\" content=\"index, follow, max-snippet:-1, max-image-preview:large, max-video-preview:-1\" \/>\n<link rel=\"canonical\" href=\"https:\/\/centrumjudaicum.de\/en\/polizeigewalt-im-scheunenviertel\/\" \/>\n<meta property=\"og:locale\" content=\"en_US\" \/>\n<meta property=\"og:type\" content=\"article\" \/>\n<meta property=\"og:title\" content=\"Polizeigewalt im Scheunenviertel\" \/>\n<meta property=\"og:description\" content=\"Das Scheunenviertel entfaltete sich im fr\u00fchen 20. Jahrhundert nicht nur als Ort politischer Unruhen, sondern auch als Brennpunkt sozialer Probleme. Eine Vielzahl von Themen wie linke Versammlungen, wachsende Armut und der Aufstieg des illegalen Handels verschmolzen in dieser Umgebung.\" \/>\n<meta property=\"og:url\" content=\"https:\/\/centrumjudaicum.de\/en\/polizeigewalt-im-scheunenviertel\/\" \/>\n<meta property=\"og:site_name\" content=\"Centrum Judaicum\" \/>\n<meta property=\"article:published_time\" content=\"2024-05-21T13:33:45+00:00\" \/>\n<meta property=\"article:modified_time\" content=\"2024-11-13T13:25:00+00:00\" \/>\n<meta property=\"og:image\" content=\"https:\/\/centrumjudaicum.de\/wp-content\/uploads\/2024\/05\/Razzia-in-der-Grenadierstrasse-c-ullstein-bild.jpeg\" \/>\n\t<meta property=\"og:image:width\" content=\"600\" \/>\n\t<meta property=\"og:image:height\" content=\"400\" \/>\n\t<meta property=\"og:image:type\" content=\"image\/jpeg\" \/>\n<meta name=\"author\" content=\"J.Blechschmidt\" \/>\n<meta name=\"twitter:card\" content=\"summary_large_image\" \/>\n<meta name=\"twitter:label1\" content=\"Written by\" \/>\n\t<meta name=\"twitter:data1\" content=\"J.Blechschmidt\" \/>\n\t<meta name=\"twitter:label2\" content=\"Est. reading time\" \/>\n\t<meta name=\"twitter:data2\" content=\"5 minutes\" \/>\n<script type=\"application\/ld+json\" class=\"yoast-schema-graph\">{\"@context\":\"https:\\\/\\\/schema.org\",\"@graph\":[{\"@type\":\"Article\",\"@id\":\"https:\\\/\\\/centrumjudaicum.de\\\/polizeigewalt-im-scheunenviertel\\\/#article\",\"isPartOf\":{\"@id\":\"https:\\\/\\\/centrumjudaicum.de\\\/polizeigewalt-im-scheunenviertel\\\/\"},\"author\":{\"name\":\"J.Blechschmidt\",\"@id\":\"https:\\\/\\\/centrumjudaicum.de\\\/#\\\/schema\\\/person\\\/b48bf0e361aaaa497b1d40301f3fe763\"},\"headline\":\"Polizeigewalt im Scheunenviertel\",\"datePublished\":\"2024-05-21T13:33:45+00:00\",\"dateModified\":\"2024-11-13T13:25:00+00:00\",\"mainEntityOfPage\":{\"@id\":\"https:\\\/\\\/centrumjudaicum.de\\\/polizeigewalt-im-scheunenviertel\\\/\"},\"wordCount\":831,\"publisher\":{\"@id\":\"https:\\\/\\\/centrumjudaicum.de\\\/#organization\"},\"image\":{\"@id\":\"https:\\\/\\\/centrumjudaicum.de\\\/polizeigewalt-im-scheunenviertel\\\/#primaryimage\"},\"thumbnailUrl\":\"https:\\\/\\\/centrumjudaicum.de\\\/wp-content\\\/uploads\\\/2024\\\/05\\\/Razzia-in-der-Grenadierstrasse-c-ullstein-bild.jpeg\",\"keywords\":[\"polizeigewalt\",\"spandauer vorstadt\"],\"articleSection\":[\"Orte\",\"Scheunenviertel\",\"Spandauer Vorstadt\"],\"inLanguage\":\"en-US\"},{\"@type\":\"WebPage\",\"@id\":\"https:\\\/\\\/centrumjudaicum.de\\\/polizeigewalt-im-scheunenviertel\\\/\",\"url\":\"https:\\\/\\\/centrumjudaicum.de\\\/polizeigewalt-im-scheunenviertel\\\/\",\"name\":\"Polizeigewalt im Scheunenviertel - Centrum Judaicum\",\"isPartOf\":{\"@id\":\"https:\\\/\\\/centrumjudaicum.de\\\/#website\"},\"primaryImageOfPage\":{\"@id\":\"https:\\\/\\\/centrumjudaicum.de\\\/polizeigewalt-im-scheunenviertel\\\/#primaryimage\"},\"image\":{\"@id\":\"https:\\\/\\\/centrumjudaicum.de\\\/polizeigewalt-im-scheunenviertel\\\/#primaryimage\"},\"thumbnailUrl\":\"https:\\\/\\\/centrumjudaicum.de\\\/wp-content\\\/uploads\\\/2024\\\/05\\\/Razzia-in-der-Grenadierstrasse-c-ullstein-bild.jpeg\",\"datePublished\":\"2024-05-21T13:33:45+00:00\",\"dateModified\":\"2024-11-13T13:25:00+00:00\",\"breadcrumb\":{\"@id\":\"https:\\\/\\\/centrumjudaicum.de\\\/polizeigewalt-im-scheunenviertel\\\/#breadcrumb\"},\"inLanguage\":\"en-US\",\"potentialAction\":[{\"@type\":\"ReadAction\",\"target\":[\"https:\\\/\\\/centrumjudaicum.de\\\/polizeigewalt-im-scheunenviertel\\\/\"]}]},{\"@type\":\"ImageObject\",\"inLanguage\":\"en-US\",\"@id\":\"https:\\\/\\\/centrumjudaicum.de\\\/polizeigewalt-im-scheunenviertel\\\/#primaryimage\",\"url\":\"https:\\\/\\\/centrumjudaicum.de\\\/wp-content\\\/uploads\\\/2024\\\/05\\\/Razzia-in-der-Grenadierstrasse-c-ullstein-bild.jpeg\",\"contentUrl\":\"https:\\\/\\\/centrumjudaicum.de\\\/wp-content\\\/uploads\\\/2024\\\/05\\\/Razzia-in-der-Grenadierstrasse-c-ullstein-bild.jpeg\",\"width\":600,\"height\":400,\"caption\":\"Razzia in der Grenadierstrasse (c) ullstein bild\"},{\"@type\":\"BreadcrumbList\",\"@id\":\"https:\\\/\\\/centrumjudaicum.de\\\/polizeigewalt-im-scheunenviertel\\\/#breadcrumb\",\"itemListElement\":[{\"@type\":\"ListItem\",\"position\":1,\"name\":\"Home\",\"item\":\"https:\\\/\\\/centrumjudaicum.de\\\/\"},{\"@type\":\"ListItem\",\"position\":2,\"name\":\"Polizeigewalt im Scheunenviertel\"}]},{\"@type\":\"WebSite\",\"@id\":\"https:\\\/\\\/centrumjudaicum.de\\\/#website\",\"url\":\"https:\\\/\\\/centrumjudaicum.de\\\/\",\"name\":\"Centrum Judaicum\",\"description\":\"\",\"publisher\":{\"@id\":\"https:\\\/\\\/centrumjudaicum.de\\\/#organization\"},\"potentialAction\":[{\"@type\":\"SearchAction\",\"target\":{\"@type\":\"EntryPoint\",\"urlTemplate\":\"https:\\\/\\\/centrumjudaicum.de\\\/?s={search_term_string}\"},\"query-input\":{\"@type\":\"PropertyValueSpecification\",\"valueRequired\":true,\"valueName\":\"search_term_string\"}}],\"inLanguage\":\"en-US\"},{\"@type\":\"Organization\",\"@id\":\"https:\\\/\\\/centrumjudaicum.de\\\/#organization\",\"name\":\"Centrum Judaicum\",\"url\":\"https:\\\/\\\/centrumjudaicum.de\\\/\",\"logo\":{\"@type\":\"ImageObject\",\"inLanguage\":\"en-US\",\"@id\":\"https:\\\/\\\/centrumjudaicum.de\\\/#\\\/schema\\\/logo\\\/image\\\/\",\"url\":\"https:\\\/\\\/centrumjudaicum.de\\\/wp-content\\\/uploads\\\/2022\\\/10\\\/Logo_Stiftung_Neue_Synagoge_Berlin_Gold_.png\",\"contentUrl\":\"https:\\\/\\\/centrumjudaicum.de\\\/wp-content\\\/uploads\\\/2022\\\/10\\\/Logo_Stiftung_Neue_Synagoge_Berlin_Gold_.png\",\"width\":1188,\"height\":409,\"caption\":\"Centrum Judaicum\"},\"image\":{\"@id\":\"https:\\\/\\\/centrumjudaicum.de\\\/#\\\/schema\\\/logo\\\/image\\\/\"}},{\"@type\":\"Person\",\"@id\":\"https:\\\/\\\/centrumjudaicum.de\\\/#\\\/schema\\\/person\\\/b48bf0e361aaaa497b1d40301f3fe763\",\"name\":\"J.Blechschmidt\",\"url\":\"https:\\\/\\\/centrumjudaicum.de\\\/en\\\/author\\\/j-blechschmidt\\\/\"}]}<\/script>\n<!-- \/ Yoast SEO Premium plugin. -->","yoast_head_json":{"title":"Polizeigewalt im Scheunenviertel - Centrum Judaicum","robots":{"index":"index","follow":"follow","max-snippet":"max-snippet:-1","max-image-preview":"max-image-preview:large","max-video-preview":"max-video-preview:-1"},"canonical":"https:\/\/centrumjudaicum.de\/en\/polizeigewalt-im-scheunenviertel\/","og_locale":"en_US","og_type":"article","og_title":"Polizeigewalt im Scheunenviertel","og_description":"Das Scheunenviertel entfaltete sich im fr\u00fchen 20. Jahrhundert nicht nur als Ort politischer Unruhen, sondern auch als Brennpunkt sozialer Probleme. Eine Vielzahl von Themen wie linke Versammlungen, wachsende Armut und der Aufstieg des illegalen Handels verschmolzen in dieser Umgebung.","og_url":"https:\/\/centrumjudaicum.de\/en\/polizeigewalt-im-scheunenviertel\/","og_site_name":"Centrum Judaicum","article_published_time":"2024-05-21T13:33:45+00:00","article_modified_time":"2024-11-13T13:25:00+00:00","og_image":[{"width":600,"height":400,"url":"https:\/\/centrumjudaicum.de\/wp-content\/uploads\/2024\/05\/Razzia-in-der-Grenadierstrasse-c-ullstein-bild.jpeg","type":"image\/jpeg"}],"author":"J.Blechschmidt","twitter_card":"summary_large_image","twitter_misc":{"Written by":"J.Blechschmidt","Est. reading time":"5 minutes"},"schema":{"@context":"https:\/\/schema.org","@graph":[{"@type":"Article","@id":"https:\/\/centrumjudaicum.de\/polizeigewalt-im-scheunenviertel\/#article","isPartOf":{"@id":"https:\/\/centrumjudaicum.de\/polizeigewalt-im-scheunenviertel\/"},"author":{"name":"J.Blechschmidt","@id":"https:\/\/centrumjudaicum.de\/#\/schema\/person\/b48bf0e361aaaa497b1d40301f3fe763"},"headline":"Polizeigewalt im Scheunenviertel","datePublished":"2024-05-21T13:33:45+00:00","dateModified":"2024-11-13T13:25:00+00:00","mainEntityOfPage":{"@id":"https:\/\/centrumjudaicum.de\/polizeigewalt-im-scheunenviertel\/"},"wordCount":831,"publisher":{"@id":"https:\/\/centrumjudaicum.de\/#organization"},"image":{"@id":"https:\/\/centrumjudaicum.de\/polizeigewalt-im-scheunenviertel\/#primaryimage"},"thumbnailUrl":"https:\/\/centrumjudaicum.de\/wp-content\/uploads\/2024\/05\/Razzia-in-der-Grenadierstrasse-c-ullstein-bild.jpeg","keywords":["polizeigewalt","spandauer vorstadt"],"articleSection":["Orte","Scheunenviertel","Spandauer Vorstadt"],"inLanguage":"en-US"},{"@type":"WebPage","@id":"https:\/\/centrumjudaicum.de\/polizeigewalt-im-scheunenviertel\/","url":"https:\/\/centrumjudaicum.de\/polizeigewalt-im-scheunenviertel\/","name":"Polizeigewalt im Scheunenviertel - Centrum Judaicum","isPartOf":{"@id":"https:\/\/centrumjudaicum.de\/#website"},"primaryImageOfPage":{"@id":"https:\/\/centrumjudaicum.de\/polizeigewalt-im-scheunenviertel\/#primaryimage"},"image":{"@id":"https:\/\/centrumjudaicum.de\/polizeigewalt-im-scheunenviertel\/#primaryimage"},"thumbnailUrl":"https:\/\/centrumjudaicum.de\/wp-content\/uploads\/2024\/05\/Razzia-in-der-Grenadierstrasse-c-ullstein-bild.jpeg","datePublished":"2024-05-21T13:33:45+00:00","dateModified":"2024-11-13T13:25:00+00:00","breadcrumb":{"@id":"https:\/\/centrumjudaicum.de\/polizeigewalt-im-scheunenviertel\/#breadcrumb"},"inLanguage":"en-US","potentialAction":[{"@type":"ReadAction","target":["https:\/\/centrumjudaicum.de\/polizeigewalt-im-scheunenviertel\/"]}]},{"@type":"ImageObject","inLanguage":"en-US","@id":"https:\/\/centrumjudaicum.de\/polizeigewalt-im-scheunenviertel\/#primaryimage","url":"https:\/\/centrumjudaicum.de\/wp-content\/uploads\/2024\/05\/Razzia-in-der-Grenadierstrasse-c-ullstein-bild.jpeg","contentUrl":"https:\/\/centrumjudaicum.de\/wp-content\/uploads\/2024\/05\/Razzia-in-der-Grenadierstrasse-c-ullstein-bild.jpeg","width":600,"height":400,"caption":"Razzia in der Grenadierstrasse (c) ullstein bild"},{"@type":"BreadcrumbList","@id":"https:\/\/centrumjudaicum.de\/polizeigewalt-im-scheunenviertel\/#breadcrumb","itemListElement":[{"@type":"ListItem","position":1,"name":"Home","item":"https:\/\/centrumjudaicum.de\/"},{"@type":"ListItem","position":2,"name":"Polizeigewalt im Scheunenviertel"}]},{"@type":"WebSite","@id":"https:\/\/centrumjudaicum.de\/#website","url":"https:\/\/centrumjudaicum.de\/","name":"Centrum Judaicum","description":"","publisher":{"@id":"https:\/\/centrumjudaicum.de\/#organization"},"potentialAction":[{"@type":"SearchAction","target":{"@type":"EntryPoint","urlTemplate":"https:\/\/centrumjudaicum.de\/?s={search_term_string}"},"query-input":{"@type":"PropertyValueSpecification","valueRequired":true,"valueName":"search_term_string"}}],"inLanguage":"en-US"},{"@type":"Organization","@id":"https:\/\/centrumjudaicum.de\/#organization","name":"Centrum Judaicum","url":"https:\/\/centrumjudaicum.de\/","logo":{"@type":"ImageObject","inLanguage":"en-US","@id":"https:\/\/centrumjudaicum.de\/#\/schema\/logo\/image\/","url":"https:\/\/centrumjudaicum.de\/wp-content\/uploads\/2022\/10\/Logo_Stiftung_Neue_Synagoge_Berlin_Gold_.png","contentUrl":"https:\/\/centrumjudaicum.de\/wp-content\/uploads\/2022\/10\/Logo_Stiftung_Neue_Synagoge_Berlin_Gold_.png","width":1188,"height":409,"caption":"Centrum Judaicum"},"image":{"@id":"https:\/\/centrumjudaicum.de\/#\/schema\/logo\/image\/"}},{"@type":"Person","@id":"https:\/\/centrumjudaicum.de\/#\/schema\/person\/b48bf0e361aaaa497b1d40301f3fe763","name":"J.Blechschmidt","url":"https:\/\/centrumjudaicum.de\/en\/author\/j-blechschmidt\/"}]}},"ticketed":false,"_links":{"self":[{"href":"https:\/\/centrumjudaicum.de\/en\/wp-json\/wp\/v2\/posts\/20827","targetHints":{"allow":["GET"]}}],"collection":[{"href":"https:\/\/centrumjudaicum.de\/en\/wp-json\/wp\/v2\/posts"}],"about":[{"href":"https:\/\/centrumjudaicum.de\/en\/wp-json\/wp\/v2\/types\/post"}],"author":[{"embeddable":true,"href":"https:\/\/centrumjudaicum.de\/en\/wp-json\/wp\/v2\/users\/3"}],"replies":[{"embeddable":true,"href":"https:\/\/centrumjudaicum.de\/en\/wp-json\/wp\/v2\/comments?post=20827"}],"version-history":[{"count":10,"href":"https:\/\/centrumjudaicum.de\/en\/wp-json\/wp\/v2\/posts\/20827\/revisions"}],"predecessor-version":[{"id":23325,"href":"https:\/\/centrumjudaicum.de\/en\/wp-json\/wp\/v2\/posts\/20827\/revisions\/23325"}],"wp:featuredmedia":[{"embeddable":true,"href":"https:\/\/centrumjudaicum.de\/en\/wp-json\/wp\/v2\/media\/20831"}],"wp:attachment":[{"href":"https:\/\/centrumjudaicum.de\/en\/wp-json\/wp\/v2\/media?parent=20827"}],"wp:term":[{"taxonomy":"category","embeddable":true,"href":"https:\/\/centrumjudaicum.de\/en\/wp-json\/wp\/v2\/categories?post=20827"},{"taxonomy":"post_tag","embeddable":true,"href":"https:\/\/centrumjudaicum.de\/en\/wp-json\/wp\/v2\/tags?post=20827"}],"curies":[{"name":"wp","href":"https:\/\/api.w.org\/{rel}","templated":true}]}}