{"id":20863,"date":"2024-05-22T16:23:03","date_gmt":"2024-05-22T14:23:03","guid":{"rendered":"https:\/\/centrumjudaicum.de\/?p=20863"},"modified":"2024-09-08T15:55:34","modified_gmt":"2024-09-08T13:55:34","slug":"geschichte-der-konfektionshauser-am-beispiel-vom-kaufhaus-jonass","status":"publish","type":"post","link":"https:\/\/centrumjudaicum.de\/en\/geschichte-der-konfektionshauser-am-beispiel-vom-kaufhaus-jonass\/","title":{"rendered":"Geschichte der Konfektionsh\u00e4user am Beispiel vom Kaufhaus Jonass"},"content":{"rendered":"\t\t<div data-elementor-type=\"wp-post\" data-elementor-id=\"20863\" class=\"elementor elementor-20863\" data-elementor-post-type=\"post\">\n\t\t\t\t\t\t<section class=\"elementor-section elementor-top-section elementor-element elementor-element-49a2f312 elementor-section-boxed elementor-section-height-default elementor-section-height-default\" data-id=\"49a2f312\" data-element_type=\"section\" data-e-type=\"section\">\n\t\t\t\t\t\t<div class=\"elementor-container elementor-column-gap-default\">\n\t\t\t\t\t<div class=\"elementor-column elementor-col-100 elementor-top-column elementor-element elementor-element-f8b0568\" data-id=\"f8b0568\" data-element_type=\"column\" data-e-type=\"column\">\n\t\t\t<div class=\"elementor-widget-wrap elementor-element-populated\">\n\t\t\t\t\t\t<div class=\"elementor-element elementor-element-73ec53a9 elementor-widget elementor-widget-heading\" data-id=\"73ec53a9\" data-element_type=\"widget\" data-e-type=\"widget\" data-widget_type=\"heading.default\">\n\t\t\t\t<div class=\"elementor-widget-container\">\n\t\t\t\t\t<h2 class=\"elementor-heading-title elementor-size-default\"><p><span style=\"color: var( --e-global-color-primary );font-family: var( --e-global-typography-primary-font-family ), Sans-serif;font-size: var( --e-global-typography-primary-font-size );font-style: var( --e-global-typography-primary-font-style );font-weight: var( --e-global-typography-primary-font-weight );letter-spacing: var( --e-global-typography-primary-letter-spacing );text-transform: var( --e-global-typography-primary-text-transform )\">am Beispiel vom Kaufhaus Jonass<\/span><br><\/p><\/h2>\t\t\t\t<\/div>\n\t\t\t\t<\/div>\n\t\t\t\t\t<\/div>\n\t\t<\/div>\n\t\t\t\t\t<\/div>\n\t\t<\/section>\n\t\t\t\t<section class=\"elementor-section elementor-top-section elementor-element elementor-element-174fda20 elementor-section-boxed elementor-section-height-default elementor-section-height-default\" data-id=\"174fda20\" data-element_type=\"section\" data-e-type=\"section\">\n\t\t\t\t\t\t<div class=\"elementor-container elementor-column-gap-default\">\n\t\t\t\t\t<div class=\"elementor-column elementor-col-50 elementor-top-column elementor-element elementor-element-683030f6\" data-id=\"683030f6\" data-element_type=\"column\" data-e-type=\"column\">\n\t\t\t<div class=\"elementor-widget-wrap\">\n\t\t\t\t\t\t\t<\/div>\n\t\t<\/div>\n\t\t\t\t<div class=\"elementor-column elementor-col-50 elementor-top-column elementor-element elementor-element-31f90adc\" data-id=\"31f90adc\" data-element_type=\"column\" data-e-type=\"column\">\n\t\t\t<div class=\"elementor-widget-wrap elementor-element-populated\">\n\t\t\t\t\t\t<div class=\"elementor-element elementor-element-41145c20 elementor-widget elementor-widget-text-editor\" data-id=\"41145c20\" data-element_type=\"widget\" data-e-type=\"widget\" data-widget_type=\"text-editor.default\">\n\t\t\t\t<div class=\"elementor-widget-container\">\n\t\t\t\t\t\t\t\t\t<p><em>Von Nele Heimann,<br \/>\u00a0Studierende der Europa-Universit\u00e4t Viadrina Frankfurt (Oder)<\/em><\/p>\t\t\t\t\t\t\t\t<\/div>\n\t\t\t\t<\/div>\n\t\t\t\t\t<\/div>\n\t\t<\/div>\n\t\t\t\t\t<\/div>\n\t\t<\/section>\n\t\t\t\t<section class=\"elementor-section elementor-top-section elementor-element elementor-element-3eb778c6 elementor-section-boxed elementor-section-height-default elementor-section-height-default\" data-id=\"3eb778c6\" data-element_type=\"section\" data-e-type=\"section\">\n\t\t\t\t\t\t<div class=\"elementor-container elementor-column-gap-default\">\n\t\t\t\t\t<div class=\"elementor-column elementor-col-100 elementor-top-column elementor-element elementor-element-38470c0d\" data-id=\"38470c0d\" data-element_type=\"column\" data-e-type=\"column\">\n\t\t\t<div class=\"elementor-widget-wrap elementor-element-populated\">\n\t\t\t\t\t\t<div class=\"elementor-element elementor-element-4f1ff738 elementor-widget-divider--view-line_icon elementor-view-default elementor-widget-divider--element-align-center elementor-widget elementor-widget-divider\" data-id=\"4f1ff738\" data-element_type=\"widget\" data-e-type=\"widget\" data-widget_type=\"divider.default\">\n\t\t\t\t<div class=\"elementor-widget-container\">\n\t\t\t\t\t\t\t<div class=\"elementor-divider\">\n\t\t\t<span class=\"elementor-divider-separator\">\n\t\t\t\t\t\t\t<div class=\"elementor-icon elementor-divider__element\">\n\t\t\t\t\t<i aria-hidden=\"true\" class=\"fas fa-book-open\"><\/i><\/div>\n\t\t\t\t\t\t<\/span>\n\t\t<\/div>\n\t\t\t\t\t\t<\/div>\n\t\t\t\t<\/div>\n\t\t\t\t\t<\/div>\n\t\t<\/div>\n\t\t\t\t\t<\/div>\n\t\t<\/section>\n\t\t\t\t<section class=\"elementor-section elementor-top-section elementor-element elementor-element-55318091 elementor-section-boxed elementor-section-height-default elementor-section-height-default\" data-id=\"55318091\" data-element_type=\"section\" data-e-type=\"section\">\n\t\t\t\t\t\t<div class=\"elementor-container elementor-column-gap-default\">\n\t\t\t\t\t<div class=\"elementor-column elementor-col-100 elementor-top-column elementor-element elementor-element-7bd5a22c\" data-id=\"7bd5a22c\" data-element_type=\"column\" data-e-type=\"column\" data-settings=\"{&quot;motion_fx_motion_fx_scrolling&quot;:&quot;yes&quot;,&quot;motion_fx_devices&quot;:[&quot;desktop&quot;,&quot;tablet&quot;,&quot;mobile&quot;]}\">\n\t\t\t<div class=\"elementor-widget-wrap elementor-element-populated\">\n\t\t\t\t\t\t<div class=\"elementor-element elementor-element-137b3b36 elementor-widget elementor-widget-text-editor\" data-id=\"137b3b36\" data-element_type=\"widget\" data-e-type=\"widget\" data-widget_type=\"text-editor.default\">\n\t\t\t\t<div class=\"elementor-widget-container\">\n\t\t\t\t\t\t\t\t\t<p>Um die Geschichte der Konfektionsh\u00e4user in Berlin erz\u00e4hlen zu k\u00f6nnen, m\u00fcssen wir bei den Anf\u00e4ngen beginnen, rund um die Altkleiderh\u00e4ndler:innen und N\u00e4hstuben, die sich im Scheunenviertel ansiedelten. Schon seit dem 18. Jahrhundert handelten J\u00fcdinnen und Juden mit gebrauchten Stoffen und Altkleidern. Sie wanderten im Laufe der Zeit aus Posen ein und erhofften sich bessere Arbeitschancen in Berlin. Viele von ihnen waren gelernte Schneider:innen und lie\u00dfen sich mit ihren Schneiderwerkst\u00e4tten in Berlin nieder. Diese fungierten mit der Zeit ebenso als Zwischenhandelsgesch\u00e4fte: Sie produzierten viel und verkauften ihre Ware an den Gro\u00dfhandel weiter. Die neuen Werkst\u00e4tten konnten auf die bereits bestehende Infrastruktur von Berliner Gesch\u00e4ften zur\u00fcckgreifen und wurden so schnell zur Konkurrenz der anderen Stoffh\u00e4ndler:innen. Dadurch verbreitete sich neben dem bestehenden Antisemitismus explizit eine abwertende Haltung gegen\u00fcber den aus Posen stammenden N\u00e4her:innen, H\u00e4ndler:innen und Schneider:innen.<\/p><p>Im Laufe des infrastrukturellen Ausbaus der Textilwirtschaft entwickelte sich das Scheunenviertel in der Spandauer Vorstadt zu einem wichtigen Ort f\u00fcr die neuen Konfektionsh\u00e4user. Grund hierf\u00fcr war die relative N\u00e4he zum Konfektionsviertel, das sich am Hausvogteiplatz befand. In diesen Konfektionsh\u00e4usern gab es eine klare Arbeitsteilung zwischen Verkauf und Herstellung. W\u00e4hrend die Konfektionsh\u00e4user Auftr\u00e4ge vergaben, wurden die Kleidungsst\u00fccke au\u00dferhalb des Konfektions-betriebs produziert. Dies hatte zur Folge, dass neue Konfektionsh\u00e4user kein immenses Startkapital brauchten. Es waren die Kontakte zu Schneider:innen und Zwischenh\u00e4ndler:innen, die von Bedeutung waren, um die Kreationen umzusetzen. <\/p>\t\t\t\t\t\t\t\t<\/div>\n\t\t\t\t<\/div>\n\t\t\t\t\t<\/div>\n\t\t<\/div>\n\t\t\t\t\t<\/div>\n\t\t<\/section>\n\t\t\t\t<section class=\"elementor-section elementor-top-section elementor-element elementor-element-3eda33af elementor-section-boxed elementor-section-height-default elementor-section-height-default\" data-id=\"3eda33af\" data-element_type=\"section\" data-e-type=\"section\">\n\t\t\t\t\t\t<div class=\"elementor-container elementor-column-gap-default\">\n\t\t\t\t\t<div class=\"elementor-column elementor-col-100 elementor-top-column elementor-element elementor-element-706c2c7b\" data-id=\"706c2c7b\" data-element_type=\"column\" data-e-type=\"column\">\n\t\t\t<div class=\"elementor-widget-wrap elementor-element-populated\">\n\t\t\t\t\t\t<div class=\"elementor-element elementor-element-aef4cf elementor-widget-divider--view-line_icon elementor-view-default elementor-widget-divider--element-align-center elementor-widget elementor-widget-divider\" data-id=\"aef4cf\" data-element_type=\"widget\" data-e-type=\"widget\" data-widget_type=\"divider.default\">\n\t\t\t\t<div class=\"elementor-widget-container\">\n\t\t\t\t\t\t\t<div class=\"elementor-divider\">\n\t\t\t<span class=\"elementor-divider-separator\">\n\t\t\t\t\t\t\t<div class=\"elementor-icon elementor-divider__element\">\n\t\t\t\t\t<i aria-hidden=\"true\" class=\"fas fa-book-open\"><\/i><\/div>\n\t\t\t\t\t\t<\/span>\n\t\t<\/div>\n\t\t\t\t\t\t<\/div>\n\t\t\t\t<\/div>\n\t\t\t\t\t<\/div>\n\t\t<\/div>\n\t\t\t\t\t<\/div>\n\t\t<\/section>\n\t\t\t\t<section class=\"elementor-section elementor-top-section elementor-element elementor-element-906254e elementor-section-boxed elementor-section-height-default elementor-section-height-default\" data-id=\"906254e\" data-element_type=\"section\" data-e-type=\"section\">\n\t\t\t\t\t\t<div class=\"elementor-container elementor-column-gap-default\">\n\t\t\t\t\t<div class=\"elementor-column elementor-col-100 elementor-top-column elementor-element elementor-element-1d0776b\" data-id=\"1d0776b\" data-element_type=\"column\" data-e-type=\"column\" data-settings=\"{&quot;motion_fx_motion_fx_scrolling&quot;:&quot;yes&quot;,&quot;motion_fx_devices&quot;:[&quot;desktop&quot;,&quot;tablet&quot;,&quot;mobile&quot;]}\">\n\t\t\t<div class=\"elementor-widget-wrap elementor-element-populated\">\n\t\t\t\t\t\t<div class=\"elementor-element elementor-element-6fe285c elementor-widget elementor-widget-text-editor\" data-id=\"6fe285c\" data-element_type=\"widget\" data-e-type=\"widget\" data-widget_type=\"text-editor.default\">\n\t\t\t\t<div class=\"elementor-widget-container\">\n\t\t\t\t\t\t\t\t\t<div><div id=\"ftn2\"><p>W\u00e4hrend die Immobilien in erster Linie in der Hand von M\u00e4nnern lagen, wurde das Handwerk rund ums Schneidern und N\u00e4hen vor allem von Frauen ausge\u00fcbt. Das Konfektionshaus war auch f\u00fcr die Modeszene besonders spannend. Denn hier entstand die neue Chance, verschiedene St\u00fccke nach Konfektionsgr\u00f6\u00dfen in einer Gro\u00dfzahl anzufertigen. Dadurch wurde die Massenproduktion von Kleidung m\u00f6glich. J\u00fcdinnen und Juden pr\u00e4gten als N\u00e4her:innen, Zwischenh\u00e4ndler:innen, aber auch Besitzer:innen von kleinen L\u00e4den und gro\u00dfen Kaufh\u00e4usern die Berliner Textilbranche. Im Jahr 1929 geh\u00f6rte etwa die H\u00e4lfte der Berliner Konfektionsh\u00e4user j\u00fcdischen Inhaber:innen. Dies bot der NSDAP sp\u00e4ter eine enorme Angriffsfl\u00e4che.<\/p><p>Zu den gro\u00dfen ehemaligen Konfektionsh\u00e4usern geh\u00f6rten das Kaufhaus Nathan Israel, das Kaufhaus Jandorf, das Kaufhaus Wertheim und das Kaufhaus Jonass. Das Kaufhaus Jonass befand sich in n\u00e4chster N\u00e4he zum Scheunenviertel, in der heutigen Torstra\u00dfe 1. Heute kennt man den Bau als Soho-House, einem exklusiven Members-Club und Hotel. Im Jahr 1889 gr\u00fcndete Hermann Golluber gemeinsam mit seinem Gesch\u00e4ftspartner Hugo Halle die Jonass &amp; Co. GmbH, eine umfangreiche Versandhandlung f\u00fcr Uhren. 1928 wurde die Jonass &amp; Co. GmbH zum Kreditkaufhaus Jonass umstrukturiert. Das Unternehmen befand sich in einem von den Architekten Gustav Bauer und Siegfried Friedl\u00e4nder gestalteten Skelettbau an der damaligen Ecke Prenzlauer Allee\/Lothringer Stra\u00dfe. <\/p><\/div><\/div><div><div>\u00a0<\/div><\/div>\t\t\t\t\t\t\t\t<\/div>\n\t\t\t\t<\/div>\n\t\t\t\t\t<\/div>\n\t\t<\/div>\n\t\t\t\t\t<\/div>\n\t\t<\/section>\n\t\t\t\t<section class=\"elementor-section elementor-top-section elementor-element elementor-element-32e5358 elementor-section-boxed elementor-section-height-default elementor-section-height-default\" data-id=\"32e5358\" data-element_type=\"section\" data-e-type=\"section\">\n\t\t\t\t\t\t<div class=\"elementor-container elementor-column-gap-default\">\n\t\t\t\t\t<div class=\"elementor-column elementor-col-100 elementor-top-column elementor-element elementor-element-3b9b292\" data-id=\"3b9b292\" data-element_type=\"column\" data-e-type=\"column\">\n\t\t\t<div class=\"elementor-widget-wrap elementor-element-populated\">\n\t\t\t\t\t\t<div class=\"elementor-element elementor-element-e5ccbdd elementor-widget-divider--view-line_icon elementor-view-default elementor-widget-divider--element-align-center elementor-widget elementor-widget-divider\" data-id=\"e5ccbdd\" data-element_type=\"widget\" data-e-type=\"widget\" data-widget_type=\"divider.default\">\n\t\t\t\t<div class=\"elementor-widget-container\">\n\t\t\t\t\t\t\t<div class=\"elementor-divider\">\n\t\t\t<span class=\"elementor-divider-separator\">\n\t\t\t\t\t\t\t<div class=\"elementor-icon elementor-divider__element\">\n\t\t\t\t\t<i aria-hidden=\"true\" class=\"fas fa-book-open\"><\/i><\/div>\n\t\t\t\t\t\t<\/span>\n\t\t<\/div>\n\t\t\t\t\t\t<\/div>\n\t\t\t\t<\/div>\n\t\t\t\t\t<\/div>\n\t\t<\/div>\n\t\t\t\t\t<\/div>\n\t\t<\/section>\n\t\t\t\t<section class=\"elementor-section elementor-top-section elementor-element elementor-element-5b5c6e53 elementor-section-boxed elementor-section-height-default elementor-section-height-default\" data-id=\"5b5c6e53\" data-element_type=\"section\" data-e-type=\"section\">\n\t\t\t\t\t\t<div class=\"elementor-container elementor-column-gap-default\">\n\t\t\t\t\t<div class=\"elementor-column elementor-col-50 elementor-top-column elementor-element elementor-element-41f38ac7\" data-id=\"41f38ac7\" data-element_type=\"column\" data-e-type=\"column\">\n\t\t\t<div class=\"elementor-widget-wrap elementor-element-populated\">\n\t\t\t\t\t\t<div class=\"elementor-element elementor-element-50359970 elementor-widget__width-initial elementor-widget elementor-widget-image\" data-id=\"50359970\" data-element_type=\"widget\" data-e-type=\"widget\" data-widget_type=\"image.default\">\n\t\t\t\t<div class=\"elementor-widget-container\">\n\t\t\t\t\t\t\t\t\t\t\t\t<figure class=\"wp-caption\">\n\t\t\t\t\t\t\t\t\t\t<img fetchpriority=\"high\" decoding=\"async\" width=\"338\" height=\"338\" src=\"https:\/\/centrumjudaicum.de\/wp-content\/uploads\/2024\/05\/Jonass_hilft.jpg\" class=\"attachment-full size-full wp-image-20867\" alt=\"Schwarz-wei\u00dfe, quadratische Grafik, die f\u00fcr den Kaufschien wirbt. Mittig ist eine Hand zu sehen, die eine lederne, historische Geldb\u00f6rse h\u00e4lt. Kreisf\u00f6rmig darum steht in Gro\u00dfbuchstaben: &quot; Jonass hilft - durch den Kaufschein&quot;.\" srcset=\"https:\/\/centrumjudaicum.de\/wp-content\/uploads\/2024\/05\/Jonass_hilft.jpg 338w, https:\/\/centrumjudaicum.de\/wp-content\/uploads\/2024\/05\/Jonass_hilft-300x300.jpg 300w, https:\/\/centrumjudaicum.de\/wp-content\/uploads\/2024\/05\/Jonass_hilft-150x150.jpg 150w, https:\/\/centrumjudaicum.de\/wp-content\/uploads\/2024\/05\/Jonass_hilft-12x12.jpg 12w\" sizes=\"(max-width: 338px) 100vw, 338px\" \/>\t\t\t\t\t\t\t\t\t\t\t<figcaption class=\"widget-image-caption wp-caption-text\">Werbung f\u00fcr den Kaufschein, um 1930<\/figcaption>\n\t\t\t\t\t\t\t\t\t\t<\/figure>\n\t\t\t\t\t\t\t\t\t<\/div>\n\t\t\t\t<\/div>\n\t\t\t\t\t<\/div>\n\t\t<\/div>\n\t\t\t\t<div class=\"elementor-column elementor-col-50 elementor-top-column elementor-element elementor-element-7175fcbe\" data-id=\"7175fcbe\" data-element_type=\"column\" data-e-type=\"column\">\n\t\t\t<div class=\"elementor-widget-wrap elementor-element-populated\">\n\t\t\t\t\t\t<div class=\"elementor-element elementor-element-525b4759 elementor-widget__width-initial elementor-widget elementor-widget-text-editor\" data-id=\"525b4759\" data-element_type=\"widget\" data-e-type=\"widget\" data-widget_type=\"text-editor.default\">\n\t\t\t\t<div class=\"elementor-widget-container\">\n\t\t\t\t\t\t\t\t\t<p>Textilien, Haushaltswaren und andere Bedarfsartikel konnten nun erstmals auf Kredit und in Raten erworben werden, was zu einem gro\u00dfen Ansturm auf das Kaufhaus f\u00fchrte. Nachdem ein Viertel des Warenwerts bezahlt wurde, konnte der Rest in vier Monatsraten abbezahlt werden. Diese Innovation brachte mehr Menschen zum Kauf von G\u00fctern, die sie sich sonst nicht geleistet h\u00e4tten. Zus\u00e4tzlich kurbelte es die Textilwirtschaft an.<\/p><p>Mit Hitlers Macht\u00fcbernahme im Jahr 1933 begann eine systematische Vertreibung der j\u00fcdischen Unternehmer:innen und Arbeiter:innen in der Textilbranche. Mit der voranschreitenden Enteignung wurden J\u00fcdinnen und Juden gezielt aus ihren \u00c4mtern und Professionen vertrieben. Am 12. November 1938 wurde die \u201eVerordnung zur Ausschaltung der Juden aus dem deutschen Wirtschaftsleben\u201c erlassen. Somit wurde ihnen der Betrieb von Einzelhandelsverkaufsstellen sowie die selbst\u00e4ndige F\u00fchrung eines Handwerksbetriebs mit Wirkung zum Jahresende 1938 untersagt.<\/p>\t\t\t\t\t\t\t\t<\/div>\n\t\t\t\t<\/div>\n\t\t\t\t\t<\/div>\n\t\t<\/div>\n\t\t\t\t\t<\/div>\n\t\t<\/section>\n\t\t\t\t<section class=\"elementor-section elementor-top-section elementor-element elementor-element-7abdcda1 elementor-section-boxed elementor-section-height-default elementor-section-height-default\" data-id=\"7abdcda1\" data-element_type=\"section\" data-e-type=\"section\">\n\t\t\t\t\t\t<div class=\"elementor-container elementor-column-gap-default\">\n\t\t\t\t\t<div class=\"elementor-column elementor-col-100 elementor-top-column elementor-element elementor-element-75542cc1\" data-id=\"75542cc1\" data-element_type=\"column\" data-e-type=\"column\">\n\t\t\t<div class=\"elementor-widget-wrap elementor-element-populated\">\n\t\t\t\t\t\t<div class=\"elementor-element elementor-element-33dba82e elementor-widget-divider--view-line_icon elementor-view-default elementor-widget-divider--element-align-center elementor-widget elementor-widget-divider\" data-id=\"33dba82e\" data-element_type=\"widget\" data-e-type=\"widget\" data-widget_type=\"divider.default\">\n\t\t\t\t<div class=\"elementor-widget-container\">\n\t\t\t\t\t\t\t<div class=\"elementor-divider\">\n\t\t\t<span class=\"elementor-divider-separator\">\n\t\t\t\t\t\t\t<div class=\"elementor-icon elementor-divider__element\">\n\t\t\t\t\t<i aria-hidden=\"true\" class=\"fas fa-book-open\"><\/i><\/div>\n\t\t\t\t\t\t<\/span>\n\t\t<\/div>\n\t\t\t\t\t\t<\/div>\n\t\t\t\t<\/div>\n\t\t\t\t\t<\/div>\n\t\t<\/div>\n\t\t\t\t\t<\/div>\n\t\t<\/section>\n\t\t\t\t<section class=\"elementor-section elementor-top-section elementor-element elementor-element-1b41930a elementor-section-boxed elementor-section-height-default elementor-section-height-default\" data-id=\"1b41930a\" data-element_type=\"section\" data-e-type=\"section\">\n\t\t\t\t\t\t<div class=\"elementor-container elementor-column-gap-default\">\n\t\t\t\t\t<div class=\"elementor-column elementor-col-100 elementor-top-column elementor-element elementor-element-3feec472\" data-id=\"3feec472\" data-element_type=\"column\" data-e-type=\"column\">\n\t\t\t<div class=\"elementor-widget-wrap\">\n\t\t\t\t\t\t\t<\/div>\n\t\t<\/div>\n\t\t\t\t\t<\/div>\n\t\t<\/section>\n\t\t\t\t<section class=\"elementor-section elementor-top-section elementor-element elementor-element-78714e02 elementor-section-boxed elementor-section-height-default elementor-section-height-default\" data-id=\"78714e02\" data-element_type=\"section\" data-e-type=\"section\">\n\t\t\t\t\t\t<div class=\"elementor-container elementor-column-gap-default\">\n\t\t\t\t\t<div class=\"elementor-column elementor-col-50 elementor-top-column elementor-element elementor-element-7288382\" data-id=\"7288382\" data-element_type=\"column\" data-e-type=\"column\">\n\t\t\t<div class=\"elementor-widget-wrap elementor-element-populated\">\n\t\t\t\t\t\t<div class=\"elementor-element elementor-element-247e349f elementor-widget__width-initial elementor-widget elementor-widget-text-editor\" data-id=\"247e349f\" data-element_type=\"widget\" data-e-type=\"widget\" data-widget_type=\"text-editor.default\">\n\t\t\t\t<div class=\"elementor-widget-container\">\n\t\t\t\t\t\t\t\t\t<p>So sahen sich auch die beiden j\u00fcdischen Teilhaber des Kaufhauses Jonass gezwungen, zwei nichtj\u00fcdische Angestellte in die Gesch\u00e4ftsf\u00fchrung aufzunehmen, um die Enteignung zu vermeiden. Doch trotz dieser Ma\u00dfnahme wurden Golluber und Halle aus dem Gesch\u00e4ft verdr\u00e4ngt. Golluber konnte 1939 in die USA fliehen, wo er bald darauf verstarb.<\/p><p>Infolge antij\u00fcdischer Ma\u00dfnahmen und dem Ausschluss von J\u00fcdinnen und Juden aus der Industrie entwickelte sich der Wirtschaftszweig der Textilien und Konfektionen immens zur\u00fcck. Der Handelszweig ins Ausland brach zunehmend ab, da die Qualit\u00e4t durch die fehlenden Schneider:innen und N\u00e4her:innen nicht mehr gew\u00e4hrleistet werden konnte.<\/p><p>Die Nationalsozialist:innen versuchten, die fehlenden Rohstoffe der Zwischenh\u00e4ndler:innen durch synthetisch produzierte Stoffe\u00a0<span style=\"color: var( --e-global-color-text ); font-family: var( --e-global-typography-text-font-family ), Sans-serif; font-size: var( --e-global-typography-text-font-size ); font-weight: var( --e-global-typography-text-font-weight ); letter-spacing: var( --e-global-typography-text-letter-spacing );\">zu ersetzen.<\/span><\/p>\t\t\t\t\t\t\t\t<\/div>\n\t\t\t\t<\/div>\n\t\t\t\t\t<\/div>\n\t\t<\/div>\n\t\t\t\t<div class=\"elementor-column elementor-col-50 elementor-top-column elementor-element elementor-element-47875cf3\" data-id=\"47875cf3\" data-element_type=\"column\" data-e-type=\"column\">\n\t\t\t<div class=\"elementor-widget-wrap elementor-element-populated\">\n\t\t\t\t\t\t<div class=\"elementor-element elementor-element-3312ca8e elementor-widget__width-initial elementor-widget elementor-widget-image\" data-id=\"3312ca8e\" data-element_type=\"widget\" data-e-type=\"widget\" data-widget_type=\"image.default\">\n\t\t\t\t<div class=\"elementor-widget-container\">\n\t\t\t\t\t\t\t\t\t\t\t\t<figure class=\"wp-caption\">\n\t\t\t\t\t\t\t\t\t\t<img decoding=\"async\" width=\"400\" height=\"600\" src=\"https:\/\/centrumjudaicum.de\/wp-content\/uploads\/2024\/05\/Haus-des-Zentralkommitees-der-SED-c-Bundesarchiv.jpg\" class=\"attachment-full size-full wp-image-20869\" alt=\"Hochformatige schwarz-wei\u00df-Fotografie des Zentralhauses der Einheit. Das Foto zeigt eine Draufsicht auf das Eckgeb\u00e4ude, oben auf dem Dach sind zwei Deutschlandfahnen und eine sowjetische Fahne gehisst. Auf H\u00f6he der obersten Etage ist ein Banner angebracht mit der Aufschrift &quot;XXXIV - Es lebe der 24. Jahrestag der grossen sozialistischen Oktoberrevolution&quot;.\" srcset=\"https:\/\/centrumjudaicum.de\/wp-content\/uploads\/2024\/05\/Haus-des-Zentralkommitees-der-SED-c-Bundesarchiv.jpg 400w, https:\/\/centrumjudaicum.de\/wp-content\/uploads\/2024\/05\/Haus-des-Zentralkommitees-der-SED-c-Bundesarchiv-200x300.jpg 200w, https:\/\/centrumjudaicum.de\/wp-content\/uploads\/2024\/05\/Haus-des-Zentralkommitees-der-SED-c-Bundesarchiv-8x12.jpg 8w\" sizes=\"(max-width: 400px) 100vw, 400px\" \/>\t\t\t\t\t\t\t\t\t\t\t<figcaption class=\"widget-image-caption wp-caption-text\">Haus des Zentralkommitees der SED<\/figcaption>\n\t\t\t\t\t\t\t\t\t\t<\/figure>\n\t\t\t\t\t\t\t\t\t<\/div>\n\t\t\t\t<\/div>\n\t\t\t\t\t<\/div>\n\t\t<\/div>\n\t\t\t\t\t<\/div>\n\t\t<\/section>\n\t\t\t\t<section class=\"elementor-section elementor-top-section elementor-element elementor-element-46e88c2e elementor-section-boxed elementor-section-height-default elementor-section-height-default\" data-id=\"46e88c2e\" data-element_type=\"section\" data-e-type=\"section\">\n\t\t\t\t\t\t<div class=\"elementor-container elementor-column-gap-default\">\n\t\t\t\t\t<div class=\"elementor-column elementor-col-100 elementor-top-column elementor-element elementor-element-74b40771\" data-id=\"74b40771\" data-element_type=\"column\" data-e-type=\"column\">\n\t\t\t<div class=\"elementor-widget-wrap elementor-element-populated\">\n\t\t\t\t\t\t<div class=\"elementor-element elementor-element-16c45bf9 elementor-widget-divider--view-line_icon elementor-view-default elementor-widget-divider--element-align-center elementor-widget elementor-widget-divider\" data-id=\"16c45bf9\" data-element_type=\"widget\" data-e-type=\"widget\" data-widget_type=\"divider.default\">\n\t\t\t\t<div class=\"elementor-widget-container\">\n\t\t\t\t\t\t\t<div class=\"elementor-divider\">\n\t\t\t<span class=\"elementor-divider-separator\">\n\t\t\t\t\t\t\t<div class=\"elementor-icon elementor-divider__element\">\n\t\t\t\t\t<i aria-hidden=\"true\" class=\"fas fa-book-open\"><\/i><\/div>\n\t\t\t\t\t\t<\/span>\n\t\t<\/div>\n\t\t\t\t\t\t<\/div>\n\t\t\t\t<\/div>\n\t\t\t\t\t<\/div>\n\t\t<\/div>\n\t\t\t\t\t<\/div>\n\t\t<\/section>\n\t\t\t\t<section class=\"elementor-section elementor-top-section elementor-element elementor-element-53463e2 elementor-section-boxed elementor-section-height-default elementor-section-height-default\" data-id=\"53463e2\" data-element_type=\"section\" data-e-type=\"section\">\n\t\t\t\t\t\t<div class=\"elementor-container elementor-column-gap-default\">\n\t\t\t\t\t<div class=\"elementor-column elementor-col-100 elementor-top-column elementor-element elementor-element-4fbc5748\" data-id=\"4fbc5748\" data-element_type=\"column\" data-e-type=\"column\">\n\t\t\t<div class=\"elementor-widget-wrap elementor-element-populated\">\n\t\t\t\t\t\t<div class=\"elementor-element elementor-element-5abb167f elementor-widget elementor-widget-text-editor\" data-id=\"5abb167f\" data-element_type=\"widget\" data-e-type=\"widget\" data-widget_type=\"text-editor.default\">\n\t\t\t\t<div class=\"elementor-widget-container\">\n\t\t\t\t\t\t\t\t\t<p>Die neuen Eigent\u00fcmer schlossen das Kaufhaus Jonass an der Lothringer Stra\u00dfe und vermieteten es an die NSDAP, die es als Zentrale der Hitlerjugend nutzte. Nach Kriegsende wurde der Bau erneut umfunktioniert. Hier entstand der neue Sitz des Zentralkomitees der SED. Nach dem Mauerfall stand das Geb\u00e4ude lange Zeit leer. Im Jahr 1996 wurde der Bau wieder an die j\u00fcdische Erbengemeinschaft \u00fcberschrieben und erst im Jahr 2004 neu vermietet.<\/p><p>Die Konfektionsh\u00e4user hatten einen gro\u00dfen Einfluss auf die Berliner Mode und Kulturszene und konnten sich europaweit etablieren. So wurden f\u00fcr die deutschen Kollektionen Gesch\u00e4ftsreisen nach Paris unternommen, um sich von der dort ans\u00e4ssigen Modeindustrie inspirieren zu lassen. Die Exportversuche waren mehr oder minder erfolgreich, st\u00e4rkten aber die internationalen Beziehungen. <\/p>\t\t\t\t\t\t\t\t<\/div>\n\t\t\t\t<\/div>\n\t\t\t\t\t<\/div>\n\t\t<\/div>\n\t\t\t\t\t<\/div>\n\t\t<\/section>\n\t\t\t\t<section class=\"elementor-section elementor-top-section elementor-element elementor-element-3b163866 elementor-section-boxed elementor-section-height-default elementor-section-height-default\" data-id=\"3b163866\" data-element_type=\"section\" data-e-type=\"section\">\n\t\t\t\t\t\t<div class=\"elementor-container elementor-column-gap-default\">\n\t\t\t\t\t<div class=\"elementor-column elementor-col-100 elementor-top-column elementor-element elementor-element-6be72f2c\" data-id=\"6be72f2c\" data-element_type=\"column\" data-e-type=\"column\">\n\t\t\t<div class=\"elementor-widget-wrap elementor-element-populated\">\n\t\t\t\t\t\t<div class=\"elementor-element elementor-element-ebc55ea elementor-widget elementor-widget-spacer\" data-id=\"ebc55ea\" data-element_type=\"widget\" data-e-type=\"widget\" data-widget_type=\"spacer.default\">\n\t\t\t\t<div class=\"elementor-widget-container\">\n\t\t\t\t\t\t\t<div class=\"elementor-spacer\">\n\t\t\t<div class=\"elementor-spacer-inner\"><\/div>\n\t\t<\/div>\n\t\t\t\t\t\t<\/div>\n\t\t\t\t<\/div>\n\t\t\t\t\t<\/div>\n\t\t<\/div>\n\t\t\t\t\t<\/div>\n\t\t<\/section>\n\t\t\t\t<section class=\"elementor-section elementor-top-section elementor-element elementor-element-498b92e7 elementor-section-boxed elementor-section-height-default elementor-section-height-default\" data-id=\"498b92e7\" data-element_type=\"section\" data-e-type=\"section\">\n\t\t\t\t\t\t<div class=\"elementor-container elementor-column-gap-default\">\n\t\t\t\t\t<div class=\"elementor-column elementor-col-100 elementor-top-column elementor-element elementor-element-5724ee74\" data-id=\"5724ee74\" data-element_type=\"column\" data-e-type=\"column\">\n\t\t\t<div class=\"elementor-widget-wrap elementor-element-populated\">\n\t\t\t\t\t\t<div class=\"elementor-element elementor-element-5b74963f elementor-widget elementor-widget-text-editor\" data-id=\"5b74963f\" data-element_type=\"widget\" data-e-type=\"widget\" data-widget_type=\"text-editor.default\">\n\t\t\t\t<div class=\"elementor-widget-container\">\n\t\t\t\t\t\t\t\t\t<p><strong>Teilen<\/strong><\/p>\t\t\t\t\t\t\t\t<\/div>\n\t\t\t\t<\/div>\n\t\t\t\t\t<\/div>\n\t\t<\/div>\n\t\t\t\t\t<\/div>\n\t\t<\/section>\n\t\t\t\t<section class=\"elementor-section elementor-top-section elementor-element elementor-element-207f7eee elementor-section-boxed elementor-section-height-default elementor-section-height-default\" data-id=\"207f7eee\" data-element_type=\"section\" data-e-type=\"section\">\n\t\t\t\t\t\t<div class=\"elementor-container elementor-column-gap-default\">\n\t\t\t\t\t<div class=\"elementor-column elementor-col-100 elementor-top-column elementor-element elementor-element-1adf93d5\" data-id=\"1adf93d5\" data-element_type=\"column\" data-e-type=\"column\">\n\t\t\t<div class=\"elementor-widget-wrap elementor-element-populated\">\n\t\t\t\t\t\t<div class=\"elementor-element elementor-element-573a1d8b elementor-share-buttons--view-icon elementor-share-buttons--shape-circle elementor-share-buttons--skin-flat elementor-share-buttons--color-custom elementor-grid-0 elementor-widget elementor-widget-share-buttons\" data-id=\"573a1d8b\" data-element_type=\"widget\" data-e-type=\"widget\" data-widget_type=\"share-buttons.default\">\n\t\t\t\t<div class=\"elementor-widget-container\">\n\t\t\t\t\t\t\t<div class=\"elementor-grid\" role=\"list\">\n\t\t\t\t\t\t\t\t<div class=\"elementor-grid-item\" role=\"listitem\">\n\t\t\t\t\t\t<div class=\"elementor-share-btn elementor-share-btn_facebook\" role=\"button\" tabindex=\"0\" aria-label=\"Teilen auf facebook\">\n\t\t\t\t\t\t\t\t\t\t\t\t\t\t\t<span class=\"elementor-share-btn__icon\">\n\t\t\t\t\t\t\t\t<i class=\"fab fa-facebook\" aria-hidden=\"true\"><\/i>\t\t\t\t\t\t\t<\/span>\n\t\t\t\t\t\t\t\t\t\t\t\t\t\t\t\t\t\t\t\t<\/div>\n\t\t\t\t\t<\/div>\n\t\t\t\t\t\t\t\t\t<div class=\"elementor-grid-item\" role=\"listitem\">\n\t\t\t\t\t\t<div class=\"elementor-share-btn elementor-share-btn_twitter\" role=\"button\" tabindex=\"0\" aria-label=\"Teilen auf twitter\">\n\t\t\t\t\t\t\t\t\t\t\t\t\t\t\t<span class=\"elementor-share-btn__icon\">\n\t\t\t\t\t\t\t\t<i class=\"fab fa-twitter\" aria-hidden=\"true\"><\/i>\t\t\t\t\t\t\t<\/span>\n\t\t\t\t\t\t\t\t\t\t\t\t\t\t\t\t\t\t\t\t<\/div>\n\t\t\t\t\t<\/div>\n\t\t\t\t\t\t\t\t\t<div class=\"elementor-grid-item\" role=\"listitem\">\n\t\t\t\t\t\t<div class=\"elementor-share-btn elementor-share-btn_linkedin\" role=\"button\" tabindex=\"0\" aria-label=\"Teilen auf linkedin\">\n\t\t\t\t\t\t\t\t\t\t\t\t\t\t\t<span class=\"elementor-share-btn__icon\">\n\t\t\t\t\t\t\t\t<i class=\"fab fa-linkedin\" aria-hidden=\"true\"><\/i>\t\t\t\t\t\t\t<\/span>\n\t\t\t\t\t\t\t\t\t\t\t\t\t\t\t\t\t\t\t\t<\/div>\n\t\t\t\t\t<\/div>\n\t\t\t\t\t\t\t\t\t<div class=\"elementor-grid-item\" role=\"listitem\">\n\t\t\t\t\t\t<div class=\"elementor-share-btn elementor-share-btn_whatsapp\" role=\"button\" tabindex=\"0\" aria-label=\"Teilen auf whatsapp\">\n\t\t\t\t\t\t\t\t\t\t\t\t\t\t\t<span class=\"elementor-share-btn__icon\">\n\t\t\t\t\t\t\t\t<i class=\"fab fa-whatsapp\" aria-hidden=\"true\"><\/i>\t\t\t\t\t\t\t<\/span>\n\t\t\t\t\t\t\t\t\t\t\t\t\t\t\t\t\t\t\t\t<\/div>\n\t\t\t\t\t<\/div>\n\t\t\t\t\t\t<\/div>\n\t\t\t\t\t\t<\/div>\n\t\t\t\t<\/div>\n\t\t\t\t\t<\/div>\n\t\t<\/div>\n\t\t\t\t\t<\/div>\n\t\t<\/section>\n\t\t\t\t<\/div>\n\t\t","protected":false},"excerpt":{"rendered":"<p>Um die Geschichte der Konfektionsh\u00e4user in Berlin erz\u00e4hlen zu k\u00f6nnen, m\u00fcssen wir bei den Anf\u00e4ngen beginnen, rund um die Altkleiderh\u00e4ndler:innen und N\u00e4hstuben, die sich im Scheunenviertel ansiedelten. <\/p>","protected":false},"author":3,"featured_media":20864,"comment_status":"closed","ping_status":"open","sticky":false,"template":"","format":"standard","meta":{"_tec_requires_first_save":true,"_price":"","_stock":"","_tribe_ticket_header":"","_tribe_default_ticket_provider":"","_tribe_ticket_capacity":"0","_ticket_start_date":"","_ticket_end_date":"","_tribe_ticket_show_description":"","_tribe_ticket_show_not_going":false,"_tribe_ticket_use_global_stock":"","_tribe_ticket_global_stock_level":"","_global_stock_mode":"","_global_stock_cap":"","_tribe_rsvp_for_event":"","_tribe_ticket_going_count":"","_tribe_ticket_not_going_count":"","_tribe_tickets_list":"[]","_tribe_ticket_has_attendee_info_fields":false,"_EventAllDay":false,"_EventTimezone":"","_EventStartDate":"","_EventEndDate":"","_EventStartDateUTC":"","_EventEndDateUTC":"","_EventShowMap":false,"_EventShowMapLink":false,"_EventURL":"","_EventCost":"","_EventCostDescription":"","_EventCurrencySymbol":"","_EventCurrencyCode":"","_EventCurrencyPosition":"","_EventDateTimeSeparator":"","_EventTimeRangeSeparator":"","_EventOrganizerID":[],"_EventVenueID":[],"_OrganizerEmail":"","_OrganizerPhone":"","_OrganizerWebsite":"","_VenueAddress":"","_VenueCity":"","_VenueCountry":"","_VenueProvince":"","_VenueState":"","_VenueZip":"","_VenuePhone":"","_VenueURL":"","_VenueStateProvince":"","_VenueLat":"","_VenueLng":"","_VenueShowMap":false,"_VenueShowMapLink":false,"_tribe_blocks_recurrence_rules":"","_tribe_blocks_recurrence_description":"","_tribe_blocks_recurrence_exclusions":"","footnotes":"","_tec_slr_enabled":"","_tec_slr_layout":""},"categories":[144,128,130],"tags":[134],"class_list":["post-20863","post","type-post","status-publish","format-standard","has-post-thumbnail","hentry","category-biografien","category-geschaefte-im-scheunenviertel","category-spandauer-vorstadt","tag-spandauer-vorstadt"],"yoast_head":"<!-- This site is optimized with the Yoast SEO Premium plugin v26.1 (Yoast SEO v27.5) - https:\/\/yoast.com\/product\/yoast-seo-premium-wordpress\/ -->\n<title>Geschichte der Konfektionsh\u00e4user am Beispiel vom Kaufhaus Jonass - Centrum Judaicum<\/title>\n<meta name=\"robots\" content=\"index, follow, max-snippet:-1, max-image-preview:large, max-video-preview:-1\" \/>\n<link rel=\"canonical\" href=\"https:\/\/centrumjudaicum.de\/en\/geschichte-der-konfektionshauser-am-beispiel-vom-kaufhaus-jonass\/\" \/>\n<meta property=\"og:locale\" content=\"en_US\" \/>\n<meta property=\"og:type\" content=\"article\" \/>\n<meta property=\"og:title\" content=\"Geschichte der Konfektionsh\u00e4user am Beispiel vom Kaufhaus Jonass\" \/>\n<meta property=\"og:description\" content=\"Um die Geschichte der Konfektionsh\u00e4user in Berlin erz\u00e4hlen zu k\u00f6nnen, m\u00fcssen wir bei den Anf\u00e4ngen beginnen, rund um die Altkleiderh\u00e4ndler:innen und N\u00e4hstuben, die sich im Scheunenviertel ansiedelten.\" \/>\n<meta property=\"og:url\" content=\"https:\/\/centrumjudaicum.de\/en\/geschichte-der-konfektionshauser-am-beispiel-vom-kaufhaus-jonass\/\" \/>\n<meta property=\"og:site_name\" content=\"Centrum Judaicum\" \/>\n<meta property=\"article:published_time\" content=\"2024-05-22T14:23:03+00:00\" \/>\n<meta property=\"article:modified_time\" content=\"2024-09-08T13:55:34+00:00\" \/>\n<meta property=\"og:image\" content=\"https:\/\/centrumjudaicum.de\/wp-content\/uploads\/2024\/05\/Bundesarchiv_Bild_146-1993-021-16_Berlin_Haus_der_Reichsjugendfuehrung.jpg\" \/>\n\t<meta property=\"og:image:width\" content=\"600\" \/>\n\t<meta property=\"og:image:height\" content=\"400\" \/>\n\t<meta property=\"og:image:type\" content=\"image\/jpeg\" \/>\n<meta name=\"author\" content=\"J.Blechschmidt\" \/>\n<meta name=\"twitter:card\" content=\"summary_large_image\" \/>\n<meta name=\"twitter:label1\" content=\"Written by\" \/>\n\t<meta name=\"twitter:data1\" content=\"J.Blechschmidt\" \/>\n\t<meta name=\"twitter:label2\" content=\"Est. reading time\" \/>\n\t<meta name=\"twitter:data2\" content=\"5 minutes\" \/>\n<script type=\"application\/ld+json\" class=\"yoast-schema-graph\">{\"@context\":\"https:\\\/\\\/schema.org\",\"@graph\":[{\"@type\":\"Article\",\"@id\":\"https:\\\/\\\/centrumjudaicum.de\\\/geschichte-der-konfektionshauser-am-beispiel-vom-kaufhaus-jonass\\\/#article\",\"isPartOf\":{\"@id\":\"https:\\\/\\\/centrumjudaicum.de\\\/geschichte-der-konfektionshauser-am-beispiel-vom-kaufhaus-jonass\\\/\"},\"author\":{\"name\":\"J.Blechschmidt\",\"@id\":\"https:\\\/\\\/centrumjudaicum.de\\\/#\\\/schema\\\/person\\\/b48bf0e361aaaa497b1d40301f3fe763\"},\"headline\":\"Geschichte der Konfektionsh\u00e4user am Beispiel vom Kaufhaus Jonass\",\"datePublished\":\"2024-05-22T14:23:03+00:00\",\"dateModified\":\"2024-09-08T13:55:34+00:00\",\"mainEntityOfPage\":{\"@id\":\"https:\\\/\\\/centrumjudaicum.de\\\/geschichte-der-konfektionshauser-am-beispiel-vom-kaufhaus-jonass\\\/\"},\"wordCount\":911,\"publisher\":{\"@id\":\"https:\\\/\\\/centrumjudaicum.de\\\/#organization\"},\"image\":{\"@id\":\"https:\\\/\\\/centrumjudaicum.de\\\/geschichte-der-konfektionshauser-am-beispiel-vom-kaufhaus-jonass\\\/#primaryimage\"},\"thumbnailUrl\":\"https:\\\/\\\/centrumjudaicum.de\\\/wp-content\\\/uploads\\\/2024\\\/05\\\/Bundesarchiv_Bild_146-1993-021-16_Berlin_Haus_der_Reichsjugendfuehrung.jpg\",\"keywords\":[\"spandauer vorstadt\"],\"articleSection\":[\"Biografien\",\"Gesch\u00e4fte im Scheunenviertel\",\"Spandauer Vorstadt\"],\"inLanguage\":\"en-US\"},{\"@type\":\"WebPage\",\"@id\":\"https:\\\/\\\/centrumjudaicum.de\\\/geschichte-der-konfektionshauser-am-beispiel-vom-kaufhaus-jonass\\\/\",\"url\":\"https:\\\/\\\/centrumjudaicum.de\\\/geschichte-der-konfektionshauser-am-beispiel-vom-kaufhaus-jonass\\\/\",\"name\":\"Geschichte der Konfektionsh\u00e4user am Beispiel vom Kaufhaus Jonass - Centrum Judaicum\",\"isPartOf\":{\"@id\":\"https:\\\/\\\/centrumjudaicum.de\\\/#website\"},\"primaryImageOfPage\":{\"@id\":\"https:\\\/\\\/centrumjudaicum.de\\\/geschichte-der-konfektionshauser-am-beispiel-vom-kaufhaus-jonass\\\/#primaryimage\"},\"image\":{\"@id\":\"https:\\\/\\\/centrumjudaicum.de\\\/geschichte-der-konfektionshauser-am-beispiel-vom-kaufhaus-jonass\\\/#primaryimage\"},\"thumbnailUrl\":\"https:\\\/\\\/centrumjudaicum.de\\\/wp-content\\\/uploads\\\/2024\\\/05\\\/Bundesarchiv_Bild_146-1993-021-16_Berlin_Haus_der_Reichsjugendfuehrung.jpg\",\"datePublished\":\"2024-05-22T14:23:03+00:00\",\"dateModified\":\"2024-09-08T13:55:34+00:00\",\"breadcrumb\":{\"@id\":\"https:\\\/\\\/centrumjudaicum.de\\\/geschichte-der-konfektionshauser-am-beispiel-vom-kaufhaus-jonass\\\/#breadcrumb\"},\"inLanguage\":\"en-US\",\"potentialAction\":[{\"@type\":\"ReadAction\",\"target\":[\"https:\\\/\\\/centrumjudaicum.de\\\/geschichte-der-konfektionshauser-am-beispiel-vom-kaufhaus-jonass\\\/\"]}]},{\"@type\":\"ImageObject\",\"inLanguage\":\"en-US\",\"@id\":\"https:\\\/\\\/centrumjudaicum.de\\\/geschichte-der-konfektionshauser-am-beispiel-vom-kaufhaus-jonass\\\/#primaryimage\",\"url\":\"https:\\\/\\\/centrumjudaicum.de\\\/wp-content\\\/uploads\\\/2024\\\/05\\\/Bundesarchiv_Bild_146-1993-021-16_Berlin_Haus_der_Reichsjugendfuehrung.jpg\",\"contentUrl\":\"https:\\\/\\\/centrumjudaicum.de\\\/wp-content\\\/uploads\\\/2024\\\/05\\\/Bundesarchiv_Bild_146-1993-021-16_Berlin_Haus_der_Reichsjugendfuehrung.jpg\",\"width\":600,\"height\":400,\"caption\":\"Kaufhaus Jonass, Haus der Reichsjugendf\u00fchrung (c) Bundesarchiv\"},{\"@type\":\"BreadcrumbList\",\"@id\":\"https:\\\/\\\/centrumjudaicum.de\\\/geschichte-der-konfektionshauser-am-beispiel-vom-kaufhaus-jonass\\\/#breadcrumb\",\"itemListElement\":[{\"@type\":\"ListItem\",\"position\":1,\"name\":\"Home\",\"item\":\"https:\\\/\\\/centrumjudaicum.de\\\/\"},{\"@type\":\"ListItem\",\"position\":2,\"name\":\"Geschichte der Konfektionsh\u00e4user am Beispiel vom Kaufhaus Jonass\"}]},{\"@type\":\"WebSite\",\"@id\":\"https:\\\/\\\/centrumjudaicum.de\\\/#website\",\"url\":\"https:\\\/\\\/centrumjudaicum.de\\\/\",\"name\":\"Centrum Judaicum\",\"description\":\"\",\"publisher\":{\"@id\":\"https:\\\/\\\/centrumjudaicum.de\\\/#organization\"},\"potentialAction\":[{\"@type\":\"SearchAction\",\"target\":{\"@type\":\"EntryPoint\",\"urlTemplate\":\"https:\\\/\\\/centrumjudaicum.de\\\/?s={search_term_string}\"},\"query-input\":{\"@type\":\"PropertyValueSpecification\",\"valueRequired\":true,\"valueName\":\"search_term_string\"}}],\"inLanguage\":\"en-US\"},{\"@type\":\"Organization\",\"@id\":\"https:\\\/\\\/centrumjudaicum.de\\\/#organization\",\"name\":\"Centrum Judaicum\",\"url\":\"https:\\\/\\\/centrumjudaicum.de\\\/\",\"logo\":{\"@type\":\"ImageObject\",\"inLanguage\":\"en-US\",\"@id\":\"https:\\\/\\\/centrumjudaicum.de\\\/#\\\/schema\\\/logo\\\/image\\\/\",\"url\":\"https:\\\/\\\/centrumjudaicum.de\\\/wp-content\\\/uploads\\\/2022\\\/10\\\/Logo_Stiftung_Neue_Synagoge_Berlin_Gold_.png\",\"contentUrl\":\"https:\\\/\\\/centrumjudaicum.de\\\/wp-content\\\/uploads\\\/2022\\\/10\\\/Logo_Stiftung_Neue_Synagoge_Berlin_Gold_.png\",\"width\":1188,\"height\":409,\"caption\":\"Centrum Judaicum\"},\"image\":{\"@id\":\"https:\\\/\\\/centrumjudaicum.de\\\/#\\\/schema\\\/logo\\\/image\\\/\"}},{\"@type\":\"Person\",\"@id\":\"https:\\\/\\\/centrumjudaicum.de\\\/#\\\/schema\\\/person\\\/b48bf0e361aaaa497b1d40301f3fe763\",\"name\":\"J.Blechschmidt\",\"url\":\"https:\\\/\\\/centrumjudaicum.de\\\/en\\\/author\\\/j-blechschmidt\\\/\"}]}<\/script>\n<!-- \/ Yoast SEO Premium plugin. -->","yoast_head_json":{"title":"Geschichte der Konfektionsh\u00e4user am Beispiel vom Kaufhaus Jonass - Centrum Judaicum","robots":{"index":"index","follow":"follow","max-snippet":"max-snippet:-1","max-image-preview":"max-image-preview:large","max-video-preview":"max-video-preview:-1"},"canonical":"https:\/\/centrumjudaicum.de\/en\/geschichte-der-konfektionshauser-am-beispiel-vom-kaufhaus-jonass\/","og_locale":"en_US","og_type":"article","og_title":"Geschichte der Konfektionsh\u00e4user am Beispiel vom Kaufhaus Jonass","og_description":"Um die Geschichte der Konfektionsh\u00e4user in Berlin erz\u00e4hlen zu k\u00f6nnen, m\u00fcssen wir bei den Anf\u00e4ngen beginnen, rund um die Altkleiderh\u00e4ndler:innen und N\u00e4hstuben, die sich im Scheunenviertel ansiedelten.","og_url":"https:\/\/centrumjudaicum.de\/en\/geschichte-der-konfektionshauser-am-beispiel-vom-kaufhaus-jonass\/","og_site_name":"Centrum Judaicum","article_published_time":"2024-05-22T14:23:03+00:00","article_modified_time":"2024-09-08T13:55:34+00:00","og_image":[{"width":600,"height":400,"url":"https:\/\/centrumjudaicum.de\/wp-content\/uploads\/2024\/05\/Bundesarchiv_Bild_146-1993-021-16_Berlin_Haus_der_Reichsjugendfuehrung.jpg","type":"image\/jpeg"}],"author":"J.Blechschmidt","twitter_card":"summary_large_image","twitter_misc":{"Written by":"J.Blechschmidt","Est. reading time":"5 minutes"},"schema":{"@context":"https:\/\/schema.org","@graph":[{"@type":"Article","@id":"https:\/\/centrumjudaicum.de\/geschichte-der-konfektionshauser-am-beispiel-vom-kaufhaus-jonass\/#article","isPartOf":{"@id":"https:\/\/centrumjudaicum.de\/geschichte-der-konfektionshauser-am-beispiel-vom-kaufhaus-jonass\/"},"author":{"name":"J.Blechschmidt","@id":"https:\/\/centrumjudaicum.de\/#\/schema\/person\/b48bf0e361aaaa497b1d40301f3fe763"},"headline":"Geschichte der Konfektionsh\u00e4user am Beispiel vom Kaufhaus Jonass","datePublished":"2024-05-22T14:23:03+00:00","dateModified":"2024-09-08T13:55:34+00:00","mainEntityOfPage":{"@id":"https:\/\/centrumjudaicum.de\/geschichte-der-konfektionshauser-am-beispiel-vom-kaufhaus-jonass\/"},"wordCount":911,"publisher":{"@id":"https:\/\/centrumjudaicum.de\/#organization"},"image":{"@id":"https:\/\/centrumjudaicum.de\/geschichte-der-konfektionshauser-am-beispiel-vom-kaufhaus-jonass\/#primaryimage"},"thumbnailUrl":"https:\/\/centrumjudaicum.de\/wp-content\/uploads\/2024\/05\/Bundesarchiv_Bild_146-1993-021-16_Berlin_Haus_der_Reichsjugendfuehrung.jpg","keywords":["spandauer vorstadt"],"articleSection":["Biografien","Gesch\u00e4fte im Scheunenviertel","Spandauer Vorstadt"],"inLanguage":"en-US"},{"@type":"WebPage","@id":"https:\/\/centrumjudaicum.de\/geschichte-der-konfektionshauser-am-beispiel-vom-kaufhaus-jonass\/","url":"https:\/\/centrumjudaicum.de\/geschichte-der-konfektionshauser-am-beispiel-vom-kaufhaus-jonass\/","name":"Geschichte der Konfektionsh\u00e4user am Beispiel vom Kaufhaus Jonass - Centrum Judaicum","isPartOf":{"@id":"https:\/\/centrumjudaicum.de\/#website"},"primaryImageOfPage":{"@id":"https:\/\/centrumjudaicum.de\/geschichte-der-konfektionshauser-am-beispiel-vom-kaufhaus-jonass\/#primaryimage"},"image":{"@id":"https:\/\/centrumjudaicum.de\/geschichte-der-konfektionshauser-am-beispiel-vom-kaufhaus-jonass\/#primaryimage"},"thumbnailUrl":"https:\/\/centrumjudaicum.de\/wp-content\/uploads\/2024\/05\/Bundesarchiv_Bild_146-1993-021-16_Berlin_Haus_der_Reichsjugendfuehrung.jpg","datePublished":"2024-05-22T14:23:03+00:00","dateModified":"2024-09-08T13:55:34+00:00","breadcrumb":{"@id":"https:\/\/centrumjudaicum.de\/geschichte-der-konfektionshauser-am-beispiel-vom-kaufhaus-jonass\/#breadcrumb"},"inLanguage":"en-US","potentialAction":[{"@type":"ReadAction","target":["https:\/\/centrumjudaicum.de\/geschichte-der-konfektionshauser-am-beispiel-vom-kaufhaus-jonass\/"]}]},{"@type":"ImageObject","inLanguage":"en-US","@id":"https:\/\/centrumjudaicum.de\/geschichte-der-konfektionshauser-am-beispiel-vom-kaufhaus-jonass\/#primaryimage","url":"https:\/\/centrumjudaicum.de\/wp-content\/uploads\/2024\/05\/Bundesarchiv_Bild_146-1993-021-16_Berlin_Haus_der_Reichsjugendfuehrung.jpg","contentUrl":"https:\/\/centrumjudaicum.de\/wp-content\/uploads\/2024\/05\/Bundesarchiv_Bild_146-1993-021-16_Berlin_Haus_der_Reichsjugendfuehrung.jpg","width":600,"height":400,"caption":"Kaufhaus Jonass, Haus der Reichsjugendf\u00fchrung (c) Bundesarchiv"},{"@type":"BreadcrumbList","@id":"https:\/\/centrumjudaicum.de\/geschichte-der-konfektionshauser-am-beispiel-vom-kaufhaus-jonass\/#breadcrumb","itemListElement":[{"@type":"ListItem","position":1,"name":"Home","item":"https:\/\/centrumjudaicum.de\/"},{"@type":"ListItem","position":2,"name":"Geschichte der Konfektionsh\u00e4user am Beispiel vom Kaufhaus Jonass"}]},{"@type":"WebSite","@id":"https:\/\/centrumjudaicum.de\/#website","url":"https:\/\/centrumjudaicum.de\/","name":"Centrum Judaicum","description":"","publisher":{"@id":"https:\/\/centrumjudaicum.de\/#organization"},"potentialAction":[{"@type":"SearchAction","target":{"@type":"EntryPoint","urlTemplate":"https:\/\/centrumjudaicum.de\/?s={search_term_string}"},"query-input":{"@type":"PropertyValueSpecification","valueRequired":true,"valueName":"search_term_string"}}],"inLanguage":"en-US"},{"@type":"Organization","@id":"https:\/\/centrumjudaicum.de\/#organization","name":"Centrum Judaicum","url":"https:\/\/centrumjudaicum.de\/","logo":{"@type":"ImageObject","inLanguage":"en-US","@id":"https:\/\/centrumjudaicum.de\/#\/schema\/logo\/image\/","url":"https:\/\/centrumjudaicum.de\/wp-content\/uploads\/2022\/10\/Logo_Stiftung_Neue_Synagoge_Berlin_Gold_.png","contentUrl":"https:\/\/centrumjudaicum.de\/wp-content\/uploads\/2022\/10\/Logo_Stiftung_Neue_Synagoge_Berlin_Gold_.png","width":1188,"height":409,"caption":"Centrum Judaicum"},"image":{"@id":"https:\/\/centrumjudaicum.de\/#\/schema\/logo\/image\/"}},{"@type":"Person","@id":"https:\/\/centrumjudaicum.de\/#\/schema\/person\/b48bf0e361aaaa497b1d40301f3fe763","name":"J.Blechschmidt","url":"https:\/\/centrumjudaicum.de\/en\/author\/j-blechschmidt\/"}]}},"ticketed":false,"_links":{"self":[{"href":"https:\/\/centrumjudaicum.de\/en\/wp-json\/wp\/v2\/posts\/20863","targetHints":{"allow":["GET"]}}],"collection":[{"href":"https:\/\/centrumjudaicum.de\/en\/wp-json\/wp\/v2\/posts"}],"about":[{"href":"https:\/\/centrumjudaicum.de\/en\/wp-json\/wp\/v2\/types\/post"}],"author":[{"embeddable":true,"href":"https:\/\/centrumjudaicum.de\/en\/wp-json\/wp\/v2\/users\/3"}],"replies":[{"embeddable":true,"href":"https:\/\/centrumjudaicum.de\/en\/wp-json\/wp\/v2\/comments?post=20863"}],"version-history":[{"count":11,"href":"https:\/\/centrumjudaicum.de\/en\/wp-json\/wp\/v2\/posts\/20863\/revisions"}],"predecessor-version":[{"id":21935,"href":"https:\/\/centrumjudaicum.de\/en\/wp-json\/wp\/v2\/posts\/20863\/revisions\/21935"}],"wp:featuredmedia":[{"embeddable":true,"href":"https:\/\/centrumjudaicum.de\/en\/wp-json\/wp\/v2\/media\/20864"}],"wp:attachment":[{"href":"https:\/\/centrumjudaicum.de\/en\/wp-json\/wp\/v2\/media?parent=20863"}],"wp:term":[{"taxonomy":"category","embeddable":true,"href":"https:\/\/centrumjudaicum.de\/en\/wp-json\/wp\/v2\/categories?post=20863"},{"taxonomy":"post_tag","embeddable":true,"href":"https:\/\/centrumjudaicum.de\/en\/wp-json\/wp\/v2\/tags?post=20863"}],"curies":[{"name":"wp","href":"https:\/\/api.w.org\/{rel}","templated":true}]}}