{"id":25889,"date":"2025-11-14T15:00:00","date_gmt":"2025-11-14T14:00:00","guid":{"rendered":"https:\/\/centrumjudaicum.de\/?p=25889"},"modified":"2025-11-25T13:45:46","modified_gmt":"2025-11-25T12:45:46","slug":"baruch-dayan-haemet-micha-brumlik","status":"publish","type":"post","link":"https:\/\/centrumjudaicum.de\/en\/baruch-dayan-haemet-micha-brumlik\/","title":{"rendered":"Baruch Dayan HaEmet Micha Brumlik"},"content":{"rendered":"<div data-elementor-type=\"wp-post\" data-elementor-id=\"25889\" class=\"elementor elementor-25889\" data-elementor-post-type=\"post\">\n\t\t\t\t<div class=\"elementor-element elementor-element-803e34e e-flex e-con-boxed e-con e-parent\" data-id=\"803e34e\" data-element_type=\"container\" data-e-type=\"container\">\n\t\t\t\t\t<div class=\"e-con-inner\">\n\t\t\t\t<div class=\"elementor-element elementor-element-5b885c0 elementor-widget elementor-widget-text-editor\" data-id=\"5b885c0\" data-element_type=\"widget\" data-e-type=\"widget\" data-widget_type=\"text-editor.default\">\n\t\t\t\t<div class=\"elementor-widget-container\">\n\t\t\t\t\t\t\t\t\t<p>Hier Micha Brumlik bei einer Veranstaltung bei uns im Jahr 2019, mit Yehuda Bauer.\u00a0<\/p>\t\t\t\t\t\t\t\t<\/div>\n\t\t\t\t<\/div>\n\t\t\t\t\t<\/div>\n\t\t\t\t<\/div>\n\t\t<div class=\"elementor-element elementor-element-84f97d7 e-flex e-con-boxed e-con e-parent\" data-id=\"84f97d7\" data-element_type=\"container\" data-e-type=\"container\">\n\t\t\t\t\t<div class=\"e-con-inner\">\n\t\t\t\t<div class=\"elementor-element elementor-element-27f313e elementor-widget elementor-widget-heading\" data-id=\"27f313e\" data-element_type=\"widget\" data-e-type=\"widget\" data-widget_type=\"heading.default\">\n\t\t\t\t<div class=\"elementor-widget-container\">\n\t\t\t\t\t<h2 class=\"elementor-heading-title elementor-size-default\">Baruch Dayan HaEmet Micha Brumlik<\/h2>\t\t\t\t<\/div>\n\t\t\t\t<\/div>\n\t\t\t\t\t<\/div>\n\t\t\t\t<\/div>\n\t\t<div class=\"elementor-element elementor-element-436f7aa9 e-flex e-con-boxed e-con e-parent\" data-id=\"436f7aa9\" data-element_type=\"container\" data-e-type=\"container\">\n\t\t\t\t\t<div class=\"e-con-inner\">\n\t\t\t\t<div class=\"elementor-element elementor-element-4a2fa62b elementor-widget elementor-widget-text-editor\" data-id=\"4a2fa62b\" data-element_type=\"widget\" data-e-type=\"widget\" data-widget_type=\"text-editor.default\">\n\t\t\t\t<div class=\"elementor-widget-container\">\n\t\t\t\t\t\t\t\t\t\n<p>Am Freitag, dem 14. November 2025, wurde Micha Brumlik zu Grabe getragen. Versammelt zum letzten Geleit und um Abschied zu nehmen, hatten sich mehr als 300 Menschen. Menschen unterschiedlicher Bereiche, Biografien und Generationen, unterschiedlich sicherlich auch in vielen Einstellungen was Fragen der Zeit und des letzten halben Jahrhunderts betrifft. Micha Brumlik stand auch daf\u00fcr, dass Diskussion, ja Auseinandersetzung m\u00f6glich ist und mit Zuh\u00f6ren und Respekt einhergeht. Dass dabei der Grundlayer der pers\u00f6nlichen Freundschaft gewahrt, ja vertieft werden kann, so erz\u00e4hlte mir einer seiner langj\u00e4hrigen Freunde.<br \/><br \/>Ein gro\u00dfer Mensch.<br \/>Er wird vielen fehlen.<\/p>\n\n<p>Dr. Anja Siegemund\u00a0<br \/>Direktorin Stiftung Neue Synagoge Berlin\u2013Centrum Judaicum<\/p>\n\t\t\t\t\t\t\t\t<\/div>\n\t\t\t\t<\/div>\n\t\t\t\t\t<\/div>\n\t\t\t\t<\/div>\n\t\t\t\t<\/div>","protected":false},"excerpt":{"rendered":"<p>Hier Micha Brumlik bei einer Veranstaltung bei uns im Jahr 2019, mit Yehuda Bauer.\u00a0 Baruch Dayan HaEmet Micha Brumlik Am Freitag, dem 14. November 2025, wurde Micha Brumlik zu Grabe [&hellip;]<\/p>\n","protected":false},"author":3,"featured_media":25890,"comment_status":"open","ping_status":"open","sticky":false,"template":"","format":"standard","meta":{"_tec_requires_first_save":true,"_price":"","_stock":"","_tribe_ticket_header":"","_tribe_default_ticket_provider":"","_tribe_ticket_capacity":"0","_ticket_start_date":"","_ticket_end_date":"","_tribe_ticket_show_description":"","_tribe_ticket_show_not_going":false,"_tribe_ticket_use_global_stock":"","_tribe_ticket_global_stock_level":"","_global_stock_mode":"","_global_stock_cap":"","_tribe_rsvp_for_event":"","_tribe_ticket_going_count":"","_tribe_ticket_not_going_count":"","_tribe_tickets_list":"[]","_tribe_ticket_has_attendee_info_fields":false,"_EventAllDay":false,"_EventTimezone":"","_EventStartDate":"","_EventEndDate":"","_EventStartDateUTC":"","_EventEndDateUTC":"","_EventShowMap":false,"_EventShowMapLink":false,"_EventURL":"","_EventCost":"","_EventCostDescription":"","_EventCurrencySymbol":"","_EventCurrencyCode":"","_EventCurrencyPosition":"","_EventDateTimeSeparator":"","_EventTimeRangeSeparator":"","_EventOrganizerID":[],"_EventVenueID":[],"_OrganizerEmail":"","_OrganizerPhone":"","_OrganizerWebsite":"","_VenueAddress":"","_VenueCity":"","_VenueCountry":"","_VenueProvince":"","_VenueState":"","_VenueZip":"","_VenuePhone":"","_VenueURL":"","_VenueStateProvince":"","_VenueLat":"","_VenueLng":"","_VenueShowMap":false,"_VenueShowMapLink":false,"_tribe_blocks_recurrence_rules":"","_tribe_blocks_recurrence_description":"","_tribe_blocks_recurrence_exclusions":"","footnotes":"","_tec_slr_enabled":"","_tec_slr_layout":""},"categories":[26],"tags":[],"class_list":["post-25889","post","type-post","status-publish","format-standard","has-post-thumbnail","hentry","category-news"],"yoast_head":"<!-- This site is optimized with the Yoast SEO Premium plugin v26.1 (Yoast SEO v27.4) - https:\/\/yoast.com\/product\/yoast-seo-premium-wordpress\/ -->\n<title>Baruch Dayan HaEmet Micha Brumlik - Centrum Judaicum<\/title>\n<meta name=\"description\" content=\"Am Freitag, dem 14. November 2025, wurde Micha Brumlik zu Grabe getragen. Versammelt zum letzten Geleit und um Abschied zu nehmen, hatten sich mehr als 300 Menschen.\" \/>\n<meta name=\"robots\" content=\"index, follow, max-snippet:-1, max-image-preview:large, max-video-preview:-1\" \/>\n<link rel=\"canonical\" href=\"https:\/\/centrumjudaicum.de\/en\/baruch-dayan-haemet-micha-brumlik\/\" \/>\n<meta property=\"og:locale\" content=\"en_US\" \/>\n<meta property=\"og:type\" content=\"article\" \/>\n<meta property=\"og:title\" content=\"Baruch Dayan HaEmet Micha Brumlik\" \/>\n<meta property=\"og:description\" content=\"Am Freitag, dem 14. November 2025, wurde Micha Brumlik zu Grabe getragen. Versammelt zum letzten Geleit und um Abschied zu nehmen, hatten sich mehr als 300 Menschen.\" \/>\n<meta property=\"og:url\" content=\"https:\/\/centrumjudaicum.de\/en\/baruch-dayan-haemet-micha-brumlik\/\" \/>\n<meta property=\"og:site_name\" content=\"Centrum Judaicum\" \/>\n<meta property=\"article:published_time\" content=\"2025-11-14T14:00:00+00:00\" \/>\n<meta property=\"article:modified_time\" content=\"2025-11-25T12:45:46+00:00\" \/>\n<meta property=\"og:image\" content=\"https:\/\/centrumjudaicum.de\/wp-content\/uploads\/2025\/11\/Kopie-von-Micha-Brumlik.png\" \/>\n\t<meta property=\"og:image:width\" content=\"600\" \/>\n\t<meta property=\"og:image:height\" content=\"400\" \/>\n\t<meta property=\"og:image:type\" content=\"image\/png\" \/>\n<meta name=\"author\" content=\"J.Blechschmidt\" \/>\n<meta name=\"twitter:card\" content=\"summary_large_image\" \/>\n<meta name=\"twitter:label1\" content=\"Written by\" \/>\n\t<meta name=\"twitter:data1\" content=\"J.Blechschmidt\" \/>\n\t<meta name=\"twitter:label2\" content=\"Est. reading time\" \/>\n\t<meta name=\"twitter:data2\" content=\"1 minute\" \/>\n<script type=\"application\/ld+json\" class=\"yoast-schema-graph\">{\"@context\":\"https:\\\/\\\/schema.org\",\"@graph\":[{\"@type\":\"Article\",\"@id\":\"https:\\\/\\\/centrumjudaicum.de\\\/baruch-dayan-haemet-micha-brumlik\\\/#article\",\"isPartOf\":{\"@id\":\"https:\\\/\\\/centrumjudaicum.de\\\/baruch-dayan-haemet-micha-brumlik\\\/\"},\"author\":{\"name\":\"J.Blechschmidt\",\"@id\":\"https:\\\/\\\/centrumjudaicum.de\\\/#\\\/schema\\\/person\\\/b48bf0e361aaaa497b1d40301f3fe763\"},\"headline\":\"Baruch Dayan HaEmet Micha Brumlik\",\"datePublished\":\"2025-11-14T14:00:00+00:00\",\"dateModified\":\"2025-11-25T12:45:46+00:00\",\"mainEntityOfPage\":{\"@id\":\"https:\\\/\\\/centrumjudaicum.de\\\/baruch-dayan-haemet-micha-brumlik\\\/\"},\"wordCount\":129,\"commentCount\":0,\"publisher\":{\"@id\":\"https:\\\/\\\/centrumjudaicum.de\\\/#organization\"},\"image\":{\"@id\":\"https:\\\/\\\/centrumjudaicum.de\\\/baruch-dayan-haemet-micha-brumlik\\\/#primaryimage\"},\"thumbnailUrl\":\"https:\\\/\\\/centrumjudaicum.de\\\/wp-content\\\/uploads\\\/2025\\\/11\\\/Kopie-von-Micha-Brumlik.png\",\"articleSection\":[\"News\"],\"inLanguage\":\"en-US\",\"potentialAction\":[{\"@type\":\"CommentAction\",\"name\":\"Comment\",\"target\":[\"https:\\\/\\\/centrumjudaicum.de\\\/baruch-dayan-haemet-micha-brumlik\\\/#respond\"]}]},{\"@type\":\"WebPage\",\"@id\":\"https:\\\/\\\/centrumjudaicum.de\\\/baruch-dayan-haemet-micha-brumlik\\\/\",\"url\":\"https:\\\/\\\/centrumjudaicum.de\\\/baruch-dayan-haemet-micha-brumlik\\\/\",\"name\":\"Baruch Dayan HaEmet Micha Brumlik - Centrum Judaicum\",\"isPartOf\":{\"@id\":\"https:\\\/\\\/centrumjudaicum.de\\\/#website\"},\"primaryImageOfPage\":{\"@id\":\"https:\\\/\\\/centrumjudaicum.de\\\/baruch-dayan-haemet-micha-brumlik\\\/#primaryimage\"},\"image\":{\"@id\":\"https:\\\/\\\/centrumjudaicum.de\\\/baruch-dayan-haemet-micha-brumlik\\\/#primaryimage\"},\"thumbnailUrl\":\"https:\\\/\\\/centrumjudaicum.de\\\/wp-content\\\/uploads\\\/2025\\\/11\\\/Kopie-von-Micha-Brumlik.png\",\"datePublished\":\"2025-11-14T14:00:00+00:00\",\"dateModified\":\"2025-11-25T12:45:46+00:00\",\"description\":\"Am Freitag, dem 14. November 2025, wurde Micha Brumlik zu Grabe getragen. Versammelt zum letzten Geleit und um Abschied zu nehmen, hatten sich mehr als 300 Menschen.\",\"breadcrumb\":{\"@id\":\"https:\\\/\\\/centrumjudaicum.de\\\/baruch-dayan-haemet-micha-brumlik\\\/#breadcrumb\"},\"inLanguage\":\"en-US\",\"potentialAction\":[{\"@type\":\"ReadAction\",\"target\":[\"https:\\\/\\\/centrumjudaicum.de\\\/baruch-dayan-haemet-micha-brumlik\\\/\"]}]},{\"@type\":\"ImageObject\",\"inLanguage\":\"en-US\",\"@id\":\"https:\\\/\\\/centrumjudaicum.de\\\/baruch-dayan-haemet-micha-brumlik\\\/#primaryimage\",\"url\":\"https:\\\/\\\/centrumjudaicum.de\\\/wp-content\\\/uploads\\\/2025\\\/11\\\/Kopie-von-Micha-Brumlik.png\",\"contentUrl\":\"https:\\\/\\\/centrumjudaicum.de\\\/wp-content\\\/uploads\\\/2025\\\/11\\\/Kopie-von-Micha-Brumlik.png\",\"width\":600,\"height\":400},{\"@type\":\"BreadcrumbList\",\"@id\":\"https:\\\/\\\/centrumjudaicum.de\\\/baruch-dayan-haemet-micha-brumlik\\\/#breadcrumb\",\"itemListElement\":[{\"@type\":\"ListItem\",\"position\":1,\"name\":\"Home\",\"item\":\"https:\\\/\\\/centrumjudaicum.de\\\/\"},{\"@type\":\"ListItem\",\"position\":2,\"name\":\"Baruch Dayan HaEmet Micha Brumlik\"}]},{\"@type\":\"WebSite\",\"@id\":\"https:\\\/\\\/centrumjudaicum.de\\\/#website\",\"url\":\"https:\\\/\\\/centrumjudaicum.de\\\/\",\"name\":\"Centrum Judaicum\",\"description\":\"\",\"publisher\":{\"@id\":\"https:\\\/\\\/centrumjudaicum.de\\\/#organization\"},\"potentialAction\":[{\"@type\":\"SearchAction\",\"target\":{\"@type\":\"EntryPoint\",\"urlTemplate\":\"https:\\\/\\\/centrumjudaicum.de\\\/?s={search_term_string}\"},\"query-input\":{\"@type\":\"PropertyValueSpecification\",\"valueRequired\":true,\"valueName\":\"search_term_string\"}}],\"inLanguage\":\"en-US\"},{\"@type\":\"Organization\",\"@id\":\"https:\\\/\\\/centrumjudaicum.de\\\/#organization\",\"name\":\"Centrum Judaicum\",\"url\":\"https:\\\/\\\/centrumjudaicum.de\\\/\",\"logo\":{\"@type\":\"ImageObject\",\"inLanguage\":\"en-US\",\"@id\":\"https:\\\/\\\/centrumjudaicum.de\\\/#\\\/schema\\\/logo\\\/image\\\/\",\"url\":\"https:\\\/\\\/centrumjudaicum.de\\\/wp-content\\\/uploads\\\/2022\\\/10\\\/Logo_Stiftung_Neue_Synagoge_Berlin_Gold_.png\",\"contentUrl\":\"https:\\\/\\\/centrumjudaicum.de\\\/wp-content\\\/uploads\\\/2022\\\/10\\\/Logo_Stiftung_Neue_Synagoge_Berlin_Gold_.png\",\"width\":1188,\"height\":409,\"caption\":\"Centrum Judaicum\"},\"image\":{\"@id\":\"https:\\\/\\\/centrumjudaicum.de\\\/#\\\/schema\\\/logo\\\/image\\\/\"}},{\"@type\":\"Person\",\"@id\":\"https:\\\/\\\/centrumjudaicum.de\\\/#\\\/schema\\\/person\\\/b48bf0e361aaaa497b1d40301f3fe763\",\"name\":\"J.Blechschmidt\",\"url\":\"https:\\\/\\\/centrumjudaicum.de\\\/en\\\/author\\\/j-blechschmidt\\\/\"}]}<\/script>\n<!-- \/ Yoast SEO Premium plugin. -->","yoast_head_json":{"title":"Baruch Dayan HaEmet Micha Brumlik - Centrum Judaicum","description":"Am Freitag, dem 14. November 2025, wurde Micha Brumlik zu Grabe getragen. Versammelt zum letzten Geleit und um Abschied zu nehmen, hatten sich mehr als 300 Menschen.","robots":{"index":"index","follow":"follow","max-snippet":"max-snippet:-1","max-image-preview":"max-image-preview:large","max-video-preview":"max-video-preview:-1"},"canonical":"https:\/\/centrumjudaicum.de\/en\/baruch-dayan-haemet-micha-brumlik\/","og_locale":"en_US","og_type":"article","og_title":"Baruch Dayan HaEmet Micha Brumlik","og_description":"Am Freitag, dem 14. November 2025, wurde Micha Brumlik zu Grabe getragen. Versammelt zum letzten Geleit und um Abschied zu nehmen, hatten sich mehr als 300 Menschen.","og_url":"https:\/\/centrumjudaicum.de\/en\/baruch-dayan-haemet-micha-brumlik\/","og_site_name":"Centrum Judaicum","article_published_time":"2025-11-14T14:00:00+00:00","article_modified_time":"2025-11-25T12:45:46+00:00","og_image":[{"width":600,"height":400,"url":"https:\/\/centrumjudaicum.de\/wp-content\/uploads\/2025\/11\/Kopie-von-Micha-Brumlik.png","type":"image\/png"}],"author":"J.Blechschmidt","twitter_card":"summary_large_image","twitter_misc":{"Written by":"J.Blechschmidt","Est. reading time":"1 minute"},"schema":{"@context":"https:\/\/schema.org","@graph":[{"@type":"Article","@id":"https:\/\/centrumjudaicum.de\/baruch-dayan-haemet-micha-brumlik\/#article","isPartOf":{"@id":"https:\/\/centrumjudaicum.de\/baruch-dayan-haemet-micha-brumlik\/"},"author":{"name":"J.Blechschmidt","@id":"https:\/\/centrumjudaicum.de\/#\/schema\/person\/b48bf0e361aaaa497b1d40301f3fe763"},"headline":"Baruch Dayan HaEmet Micha Brumlik","datePublished":"2025-11-14T14:00:00+00:00","dateModified":"2025-11-25T12:45:46+00:00","mainEntityOfPage":{"@id":"https:\/\/centrumjudaicum.de\/baruch-dayan-haemet-micha-brumlik\/"},"wordCount":129,"commentCount":0,"publisher":{"@id":"https:\/\/centrumjudaicum.de\/#organization"},"image":{"@id":"https:\/\/centrumjudaicum.de\/baruch-dayan-haemet-micha-brumlik\/#primaryimage"},"thumbnailUrl":"https:\/\/centrumjudaicum.de\/wp-content\/uploads\/2025\/11\/Kopie-von-Micha-Brumlik.png","articleSection":["News"],"inLanguage":"en-US","potentialAction":[{"@type":"CommentAction","name":"Comment","target":["https:\/\/centrumjudaicum.de\/baruch-dayan-haemet-micha-brumlik\/#respond"]}]},{"@type":"WebPage","@id":"https:\/\/centrumjudaicum.de\/baruch-dayan-haemet-micha-brumlik\/","url":"https:\/\/centrumjudaicum.de\/baruch-dayan-haemet-micha-brumlik\/","name":"Baruch Dayan HaEmet Micha Brumlik - Centrum Judaicum","isPartOf":{"@id":"https:\/\/centrumjudaicum.de\/#website"},"primaryImageOfPage":{"@id":"https:\/\/centrumjudaicum.de\/baruch-dayan-haemet-micha-brumlik\/#primaryimage"},"image":{"@id":"https:\/\/centrumjudaicum.de\/baruch-dayan-haemet-micha-brumlik\/#primaryimage"},"thumbnailUrl":"https:\/\/centrumjudaicum.de\/wp-content\/uploads\/2025\/11\/Kopie-von-Micha-Brumlik.png","datePublished":"2025-11-14T14:00:00+00:00","dateModified":"2025-11-25T12:45:46+00:00","description":"Am Freitag, dem 14. November 2025, wurde Micha Brumlik zu Grabe getragen. Versammelt zum letzten Geleit und um Abschied zu nehmen, hatten sich mehr als 300 Menschen.","breadcrumb":{"@id":"https:\/\/centrumjudaicum.de\/baruch-dayan-haemet-micha-brumlik\/#breadcrumb"},"inLanguage":"en-US","potentialAction":[{"@type":"ReadAction","target":["https:\/\/centrumjudaicum.de\/baruch-dayan-haemet-micha-brumlik\/"]}]},{"@type":"ImageObject","inLanguage":"en-US","@id":"https:\/\/centrumjudaicum.de\/baruch-dayan-haemet-micha-brumlik\/#primaryimage","url":"https:\/\/centrumjudaicum.de\/wp-content\/uploads\/2025\/11\/Kopie-von-Micha-Brumlik.png","contentUrl":"https:\/\/centrumjudaicum.de\/wp-content\/uploads\/2025\/11\/Kopie-von-Micha-Brumlik.png","width":600,"height":400},{"@type":"BreadcrumbList","@id":"https:\/\/centrumjudaicum.de\/baruch-dayan-haemet-micha-brumlik\/#breadcrumb","itemListElement":[{"@type":"ListItem","position":1,"name":"Home","item":"https:\/\/centrumjudaicum.de\/"},{"@type":"ListItem","position":2,"name":"Baruch Dayan HaEmet Micha Brumlik"}]},{"@type":"WebSite","@id":"https:\/\/centrumjudaicum.de\/#website","url":"https:\/\/centrumjudaicum.de\/","name":"Centrum Judaicum","description":"","publisher":{"@id":"https:\/\/centrumjudaicum.de\/#organization"},"potentialAction":[{"@type":"SearchAction","target":{"@type":"EntryPoint","urlTemplate":"https:\/\/centrumjudaicum.de\/?s={search_term_string}"},"query-input":{"@type":"PropertyValueSpecification","valueRequired":true,"valueName":"search_term_string"}}],"inLanguage":"en-US"},{"@type":"Organization","@id":"https:\/\/centrumjudaicum.de\/#organization","name":"Centrum Judaicum","url":"https:\/\/centrumjudaicum.de\/","logo":{"@type":"ImageObject","inLanguage":"en-US","@id":"https:\/\/centrumjudaicum.de\/#\/schema\/logo\/image\/","url":"https:\/\/centrumjudaicum.de\/wp-content\/uploads\/2022\/10\/Logo_Stiftung_Neue_Synagoge_Berlin_Gold_.png","contentUrl":"https:\/\/centrumjudaicum.de\/wp-content\/uploads\/2022\/10\/Logo_Stiftung_Neue_Synagoge_Berlin_Gold_.png","width":1188,"height":409,"caption":"Centrum Judaicum"},"image":{"@id":"https:\/\/centrumjudaicum.de\/#\/schema\/logo\/image\/"}},{"@type":"Person","@id":"https:\/\/centrumjudaicum.de\/#\/schema\/person\/b48bf0e361aaaa497b1d40301f3fe763","name":"J.Blechschmidt","url":"https:\/\/centrumjudaicum.de\/en\/author\/j-blechschmidt\/"}]}},"ticketed":false,"_links":{"self":[{"href":"https:\/\/centrumjudaicum.de\/en\/wp-json\/wp\/v2\/posts\/25889","targetHints":{"allow":["GET"]}}],"collection":[{"href":"https:\/\/centrumjudaicum.de\/en\/wp-json\/wp\/v2\/posts"}],"about":[{"href":"https:\/\/centrumjudaicum.de\/en\/wp-json\/wp\/v2\/types\/post"}],"author":[{"embeddable":true,"href":"https:\/\/centrumjudaicum.de\/en\/wp-json\/wp\/v2\/users\/3"}],"replies":[{"embeddable":true,"href":"https:\/\/centrumjudaicum.de\/en\/wp-json\/wp\/v2\/comments?post=25889"}],"version-history":[{"count":10,"href":"https:\/\/centrumjudaicum.de\/en\/wp-json\/wp\/v2\/posts\/25889\/revisions"}],"predecessor-version":[{"id":25972,"href":"https:\/\/centrumjudaicum.de\/en\/wp-json\/wp\/v2\/posts\/25889\/revisions\/25972"}],"wp:featuredmedia":[{"embeddable":true,"href":"https:\/\/centrumjudaicum.de\/en\/wp-json\/wp\/v2\/media\/25890"}],"wp:attachment":[{"href":"https:\/\/centrumjudaicum.de\/en\/wp-json\/wp\/v2\/media?parent=25889"}],"wp:term":[{"taxonomy":"category","embeddable":true,"href":"https:\/\/centrumjudaicum.de\/en\/wp-json\/wp\/v2\/categories?post=25889"},{"taxonomy":"post_tag","embeddable":true,"href":"https:\/\/centrumjudaicum.de\/en\/wp-json\/wp\/v2\/tags?post=25889"}],"curies":[{"name":"wp","href":"https:\/\/api.w.org\/{rel}","templated":true}]}}