{"id":26650,"date":"2026-03-12T13:29:56","date_gmt":"2026-03-12T12:29:56","guid":{"rendered":"https:\/\/centrumjudaicum.de\/?p=26650"},"modified":"2026-03-12T14:29:13","modified_gmt":"2026-03-12T13:29:13","slug":"spurlos-verschwunden-einweihung-strassenmarkierung-und-digitale-erinnerungslandschaft","status":"publish","type":"post","link":"https:\/\/centrumjudaicum.de\/en\/spurlos-verschwunden-einweihung-strassenmarkierung-und-digitale-erinnerungslandschaft\/","title":{"rendered":"Spurlos verschwunden? Einweihung Strassenmarkierung und digitale Erinnerungslandschaft"},"content":{"rendered":"<div data-elementor-type=\"wp-post\" data-elementor-id=\"26650\" class=\"elementor elementor-26650\" data-elementor-post-type=\"post\">\n\t\t\t\t<div class=\"elementor-element elementor-element-8ea3aa0 e-flex e-con-boxed e-con e-parent\" data-id=\"8ea3aa0\" data-element_type=\"container\" data-e-type=\"container\">\n\t\t\t\t\t<div class=\"e-con-inner\">\n\t\t\t\t<div class=\"elementor-element elementor-element-3467a40 elementor-widget elementor-widget-heading\" data-id=\"3467a40\" data-element_type=\"widget\" data-e-type=\"widget\" data-widget_type=\"heading.default\">\n\t\t\t\t<div class=\"elementor-widget-container\">\n\t\t\t\t\t<h2 class=\"elementor-heading-title elementor-size-default\">Spurlos verschwunden?<br>\nEinweihung Strassenmarkierung und digitale Erinnerungslandschaft<\/h2>\t\t\t\t<\/div>\n\t\t\t\t<\/div>\n\t\t\t\t\t<\/div>\n\t\t\t\t<\/div>\n\t\t<div class=\"elementor-element elementor-element-15f64e6 e-flex e-con-boxed e-con e-parent\" data-id=\"15f64e6\" data-element_type=\"container\" data-e-type=\"container\">\n\t\t\t\t\t<div class=\"e-con-inner\">\n\t\t\t\t<div class=\"elementor-element elementor-element-51b54b7 elementor-widget elementor-widget-spacer\" data-id=\"51b54b7\" data-element_type=\"widget\" data-e-type=\"widget\" data-widget_type=\"spacer.default\">\n\t\t\t\t<div class=\"elementor-widget-container\">\n\t\t\t\t\t\t\t<div class=\"elementor-spacer\">\n\t\t\t<div class=\"elementor-spacer-inner\"><\/div>\n\t\t<\/div>\n\t\t\t\t\t\t<\/div>\n\t\t\t\t<\/div>\n\t\t\t\t\t<\/div>\n\t\t\t\t<\/div>\n\t\t<div class=\"elementor-element elementor-element-e3cf2af e-flex e-con-boxed e-con e-parent\" data-id=\"e3cf2af\" data-element_type=\"container\" data-e-type=\"container\">\n\t\t\t\t\t<div class=\"e-con-inner\">\n\t\t\t\t<div class=\"elementor-element elementor-element-99a3b6d elementor-widget elementor-widget-text-editor\" data-id=\"99a3b6d\" data-element_type=\"widget\" data-e-type=\"widget\" data-widget_type=\"text-editor.default\">\n\t\t\t\t<div class=\"elementor-widget-container\">\n\t\t\t\t\t\t\t\t\t<p>Ab sofort sind die 10 Stra\u00dfenmarkierungen in der Gormannstra\u00dfe, Rosenthaler Stra\u00dfe, Neue Sch\u00f6nhauser Stra\u00dfe, Alte Sch\u00f6nhauser Stra\u00dfe, Linienstra\u00dfe, Rosa-Luxemburg-Platz, Mulackstra\u00dfe, M\u00fcnzstra\u00dfe, Max-Beer-Stra\u00dfe und Almstadtstra\u00dfe angebracht. Auf ihnen sind die jeweiligen Stra\u00dfennamen in jiddischer Schrift mit Erl\u00e4uterungen sowie QR-Codes zu finden.<\/p><p>Die QR-Codes f\u00fchren zu der Webseite\u00a0<a href=\"http:\/\/www.jewishmitteberlin.de\" target=\"_blank\" rel=\"noopener\"><b>www.jewishmitteberlin.de<\/b><\/a>, die eine interaktive Karte pr\u00e4sentiert, auf der wichtige Ereignisse wie etwa das Scheunenviertelpogrom von 1923, unterschiedliche j\u00fcdische Biografien sowie Institutionen und Orte des allt\u00e4glichen Lebens in der Spandauer Vorstadt und im Scheunenviertel zu finden sind. Vorgestellt werden insgesamt 40 unterschiedliche j\u00fcdische Orte.<\/p><p>Wir danken allen Kooperationspartnern die dieses Projekt im Scheunenviertel physisch und digital zum Leben erweckt haben und so die j\u00fcdisch-migrantische Geschichte des Viertels wieder sichtbar machen.<\/p><p><strong>Mitte Museum Berlin, Bezirksamt Mitte von Berlin, Senatsverwaltung f\u00fcr Kultur und Gesellschaftlichen Zusammenhalt, Kultur Mitte<\/strong><\/p><p>Die Einweihung der Stra\u00dfenmarkierungen und der digitalen Erinnerungslandschaft fand heute statt im Beisein von:<\/p><p>Dr. Anja Siegemund, <br \/>Direktorin Stiftung Neue Synagoge Berlin- Centrum Judaicum,<\/p><p>Oliver Friederici, Staatssekret\u00e4r f\u00fcr Gesellschaftlichen Zusammenhalt,<\/p><p>Stefanie Remlinger, <br \/>Bezirksb\u00fcrgermeisterin von Berlin-Mitte,<\/p><p>Nathan Friedenberg, <br \/>Leitung Mitte Museum<\/p><p>Jess Earle, <br \/>stellvertretender Direktor Stiftung Neue Synagoge Berlin-Centrum Judaicum<\/p>\t\t\t\t\t\t\t\t<\/div>\n\t\t\t\t<\/div>\n\t\t\t\t\t<\/div>\n\t\t\t\t<\/div>\n\t\t<div class=\"elementor-element elementor-element-2a90655 e-flex e-con-boxed e-con e-parent\" data-id=\"2a90655\" data-element_type=\"container\" data-e-type=\"container\">\n\t\t\t\t\t<div class=\"e-con-inner\">\n\t\t\t\t<div class=\"elementor-element elementor-element-e27883b elementor-widget elementor-widget-gallery\" data-id=\"e27883b\" data-element_type=\"widget\" data-e-type=\"widget\" data-settings=\"{&quot;lazyload&quot;:&quot;yes&quot;,&quot;gallery_layout&quot;:&quot;grid&quot;,&quot;columns&quot;:4,&quot;columns_tablet&quot;:2,&quot;columns_mobile&quot;:1,&quot;gap&quot;:{&quot;unit&quot;:&quot;px&quot;,&quot;size&quot;:10,&quot;sizes&quot;:[]},&quot;gap_tablet&quot;:{&quot;unit&quot;:&quot;px&quot;,&quot;size&quot;:10,&quot;sizes&quot;:[]},&quot;gap_mobile&quot;:{&quot;unit&quot;:&quot;px&quot;,&quot;size&quot;:10,&quot;sizes&quot;:[]},&quot;link_to&quot;:&quot;file&quot;,&quot;aspect_ratio&quot;:&quot;3:2&quot;,&quot;overlay_background&quot;:&quot;yes&quot;,&quot;content_hover_animation&quot;:&quot;fade-in&quot;}\" data-widget_type=\"gallery.default\">\n\t\t\t\t<div class=\"elementor-widget-container\">\n\t\t\t\t\t\t\t<div class=\"elementor-gallery__container\">\n\t\t\t\t\t\t\t<a class=\"e-gallery-item elementor-gallery-item elementor-animated-content\" href=\"https:\/\/centrumjudaicum.de\/wp-content\/uploads\/2026\/03\/8.png\" data-elementor-open-lightbox=\"yes\" data-elementor-lightbox-slideshow=\"e27883b\" data-elementor-lightbox-title=\"8\" data-e-action-hash=\"#elementor-action%3Aaction%3Dlightbox%26settings%3DeyJpZCI6MjY2NTMsInVybCI6Imh0dHBzOlwvXC9jZW50cnVtanVkYWljdW0uZGVcL3dwLWNvbnRlbnRcL3VwbG9hZHNcLzIwMjZcLzAzXC84LnBuZyIsInNsaWRlc2hvdyI6ImUyNzg4M2IifQ%3D%3D\">\n\t\t\t\t\t<div class=\"e-gallery-image elementor-gallery-item__image\" data-thumbnail=\"https:\/\/centrumjudaicum.de\/wp-content\/uploads\/2026\/03\/8.png\" data-width=\"1667\" data-height=\"1250\" aria-label=\"\" role=\"img\" ><\/div>\n\t\t\t\t\t\t\t\t\t\t\t<div class=\"elementor-gallery-item__overlay\"><\/div>\n\t\t\t\t\t\t\t\t\t\t\t\t\t\t<\/a>\n\t\t\t\t\t\t\t<a class=\"e-gallery-item elementor-gallery-item elementor-animated-content\" href=\"https:\/\/centrumjudaicum.de\/wp-content\/uploads\/2026\/03\/7.png\" data-elementor-open-lightbox=\"yes\" data-elementor-lightbox-slideshow=\"e27883b\" data-elementor-lightbox-title=\"7\" data-e-action-hash=\"#elementor-action%3Aaction%3Dlightbox%26settings%3DeyJpZCI6MjY2NTQsInVybCI6Imh0dHBzOlwvXC9jZW50cnVtanVkYWljdW0uZGVcL3dwLWNvbnRlbnRcL3VwbG9hZHNcLzIwMjZcLzAzXC83LnBuZyIsInNsaWRlc2hvdyI6ImUyNzg4M2IifQ%3D%3D\">\n\t\t\t\t\t<div class=\"e-gallery-image elementor-gallery-item__image\" data-thumbnail=\"https:\/\/centrumjudaicum.de\/wp-content\/uploads\/2026\/03\/7.png\" data-width=\"1667\" data-height=\"1250\" aria-label=\"\" role=\"img\" ><\/div>\n\t\t\t\t\t\t\t\t\t\t\t<div class=\"elementor-gallery-item__overlay\"><\/div>\n\t\t\t\t\t\t\t\t\t\t\t\t\t\t<\/a>\n\t\t\t\t\t\t\t<a class=\"e-gallery-item elementor-gallery-item elementor-animated-content\" href=\"https:\/\/centrumjudaicum.de\/wp-content\/uploads\/2026\/03\/6.png\" data-elementor-open-lightbox=\"yes\" data-elementor-lightbox-slideshow=\"e27883b\" data-elementor-lightbox-title=\"6\" data-e-action-hash=\"#elementor-action%3Aaction%3Dlightbox%26settings%3DeyJpZCI6MjY2NTUsInVybCI6Imh0dHBzOlwvXC9jZW50cnVtanVkYWljdW0uZGVcL3dwLWNvbnRlbnRcL3VwbG9hZHNcLzIwMjZcLzAzXC82LnBuZyIsInNsaWRlc2hvdyI6ImUyNzg4M2IifQ%3D%3D\">\n\t\t\t\t\t<div class=\"e-gallery-image elementor-gallery-item__image\" data-thumbnail=\"https:\/\/centrumjudaicum.de\/wp-content\/uploads\/2026\/03\/6.png\" data-width=\"1667\" data-height=\"1250\" aria-label=\"\" role=\"img\" ><\/div>\n\t\t\t\t\t\t\t\t\t\t\t<div class=\"elementor-gallery-item__overlay\"><\/div>\n\t\t\t\t\t\t\t\t\t\t\t\t\t\t<\/a>\n\t\t\t\t\t\t\t<a class=\"e-gallery-item elementor-gallery-item elementor-animated-content\" href=\"https:\/\/centrumjudaicum.de\/wp-content\/uploads\/2026\/03\/5.png\" data-elementor-open-lightbox=\"yes\" data-elementor-lightbox-slideshow=\"e27883b\" data-elementor-lightbox-title=\"5\" data-e-action-hash=\"#elementor-action%3Aaction%3Dlightbox%26settings%3DeyJpZCI6MjY2NTYsInVybCI6Imh0dHBzOlwvXC9jZW50cnVtanVkYWljdW0uZGVcL3dwLWNvbnRlbnRcL3VwbG9hZHNcLzIwMjZcLzAzXC81LnBuZyIsInNsaWRlc2hvdyI6ImUyNzg4M2IifQ%3D%3D\">\n\t\t\t\t\t<div class=\"e-gallery-image elementor-gallery-item__image\" data-thumbnail=\"https:\/\/centrumjudaicum.de\/wp-content\/uploads\/2026\/03\/5.png\" data-width=\"1667\" data-height=\"1250\" aria-label=\"\" role=\"img\" ><\/div>\n\t\t\t\t\t\t\t\t\t\t\t<div class=\"elementor-gallery-item__overlay\"><\/div>\n\t\t\t\t\t\t\t\t\t\t\t\t\t\t<\/a>\n\t\t\t\t\t\t\t<a class=\"e-gallery-item elementor-gallery-item elementor-animated-content\" href=\"https:\/\/centrumjudaicum.de\/wp-content\/uploads\/2026\/03\/4.png\" data-elementor-open-lightbox=\"yes\" data-elementor-lightbox-slideshow=\"e27883b\" data-elementor-lightbox-title=\"4\" data-e-action-hash=\"#elementor-action%3Aaction%3Dlightbox%26settings%3DeyJpZCI6MjY2NTcsInVybCI6Imh0dHBzOlwvXC9jZW50cnVtanVkYWljdW0uZGVcL3dwLWNvbnRlbnRcL3VwbG9hZHNcLzIwMjZcLzAzXC80LnBuZyIsInNsaWRlc2hvdyI6ImUyNzg4M2IifQ%3D%3D\">\n\t\t\t\t\t<div class=\"e-gallery-image elementor-gallery-item__image\" data-thumbnail=\"https:\/\/centrumjudaicum.de\/wp-content\/uploads\/2026\/03\/4.png\" data-width=\"1667\" data-height=\"1250\" aria-label=\"\" role=\"img\" ><\/div>\n\t\t\t\t\t\t\t\t\t\t\t<div class=\"elementor-gallery-item__overlay\"><\/div>\n\t\t\t\t\t\t\t\t\t\t\t\t\t\t<\/a>\n\t\t\t\t\t\t\t<a class=\"e-gallery-item elementor-gallery-item elementor-animated-content\" href=\"https:\/\/centrumjudaicum.de\/wp-content\/uploads\/2026\/03\/3.png\" data-elementor-open-lightbox=\"yes\" data-elementor-lightbox-slideshow=\"e27883b\" data-elementor-lightbox-title=\"3\" data-e-action-hash=\"#elementor-action%3Aaction%3Dlightbox%26settings%3DeyJpZCI6MjY2NTgsInVybCI6Imh0dHBzOlwvXC9jZW50cnVtanVkYWljdW0uZGVcL3dwLWNvbnRlbnRcL3VwbG9hZHNcLzIwMjZcLzAzXC8zLnBuZyIsInNsaWRlc2hvdyI6ImUyNzg4M2IifQ%3D%3D\">\n\t\t\t\t\t<div class=\"e-gallery-image elementor-gallery-item__image\" data-thumbnail=\"https:\/\/centrumjudaicum.de\/wp-content\/uploads\/2026\/03\/3.png\" data-width=\"1667\" data-height=\"1250\" aria-label=\"\" role=\"img\" ><\/div>\n\t\t\t\t\t\t\t\t\t\t\t<div class=\"elementor-gallery-item__overlay\"><\/div>\n\t\t\t\t\t\t\t\t\t\t\t\t\t\t<\/a>\n\t\t\t\t\t\t\t<a class=\"e-gallery-item elementor-gallery-item elementor-animated-content\" href=\"https:\/\/centrumjudaicum.de\/wp-content\/uploads\/2026\/03\/2.png\" data-elementor-open-lightbox=\"yes\" data-elementor-lightbox-slideshow=\"e27883b\" data-elementor-lightbox-title=\"2\" data-e-action-hash=\"#elementor-action%3Aaction%3Dlightbox%26settings%3DeyJpZCI6MjY2NTksInVybCI6Imh0dHBzOlwvXC9jZW50cnVtanVkYWljdW0uZGVcL3dwLWNvbnRlbnRcL3VwbG9hZHNcLzIwMjZcLzAzXC8yLnBuZyIsInNsaWRlc2hvdyI6ImUyNzg4M2IifQ%3D%3D\">\n\t\t\t\t\t<div class=\"e-gallery-image elementor-gallery-item__image\" data-thumbnail=\"https:\/\/centrumjudaicum.de\/wp-content\/uploads\/2026\/03\/2.png\" data-width=\"1667\" data-height=\"1250\" aria-label=\"\" role=\"img\" ><\/div>\n\t\t\t\t\t\t\t\t\t\t\t<div class=\"elementor-gallery-item__overlay\"><\/div>\n\t\t\t\t\t\t\t\t\t\t\t\t\t\t<\/a>\n\t\t\t\t\t\t\t<a class=\"e-gallery-item elementor-gallery-item elementor-animated-content\" href=\"https:\/\/centrumjudaicum.de\/wp-content\/uploads\/2026\/03\/1.png\" data-elementor-open-lightbox=\"yes\" data-elementor-lightbox-slideshow=\"e27883b\" data-elementor-lightbox-title=\"1\" data-e-action-hash=\"#elementor-action%3Aaction%3Dlightbox%26settings%3DeyJpZCI6MjY2NjAsInVybCI6Imh0dHBzOlwvXC9jZW50cnVtanVkYWljdW0uZGVcL3dwLWNvbnRlbnRcL3VwbG9hZHNcLzIwMjZcLzAzXC8xLnBuZyIsInNsaWRlc2hvdyI6ImUyNzg4M2IifQ%3D%3D\">\n\t\t\t\t\t<div class=\"e-gallery-image elementor-gallery-item__image\" data-thumbnail=\"https:\/\/centrumjudaicum.de\/wp-content\/uploads\/2026\/03\/1.png\" data-width=\"1667\" data-height=\"1250\" aria-label=\"\" role=\"img\" ><\/div>\n\t\t\t\t\t\t\t\t\t\t\t<div class=\"elementor-gallery-item__overlay\"><\/div>\n\t\t\t\t\t\t\t\t\t\t\t\t\t\t<\/a>\n\t\t\t\t\t<\/div>\n\t\t\t\t\t<\/div>\n\t\t\t\t<\/div>\n\t\t\t\t\t<\/div>\n\t\t\t\t<\/div>\n\t\t\t\t<\/div>","protected":false},"excerpt":{"rendered":"<p>Spurlos verschwunden? Einweihung Strassenmarkierung und digitale Erinnerungslandschaft Ab sofort sind die 10 Stra\u00dfenmarkierungen in der Gormannstra\u00dfe, Rosenthaler Stra\u00dfe, Neue Sch\u00f6nhauser Stra\u00dfe, Alte Sch\u00f6nhauser Stra\u00dfe, Linienstra\u00dfe, Rosa-Luxemburg-Platz, Mulackstra\u00dfe, M\u00fcnzstra\u00dfe, Max-Beer-Stra\u00dfe und [&hellip;]<\/p>\n","protected":false},"author":3,"featured_media":26651,"comment_status":"open","ping_status":"open","sticky":false,"template":"","format":"standard","meta":{"_tec_requires_first_save":true,"_price":"","_stock":"","_tribe_ticket_header":"","_tribe_default_ticket_provider":"","_tribe_ticket_capacity":"0","_ticket_start_date":"","_ticket_end_date":"","_tribe_ticket_show_description":"","_tribe_ticket_show_not_going":false,"_tribe_ticket_use_global_stock":"","_tribe_ticket_global_stock_level":"","_global_stock_mode":"","_global_stock_cap":"","_tribe_rsvp_for_event":"","_tribe_ticket_going_count":"","_tribe_ticket_not_going_count":"","_tribe_tickets_list":"[]","_tribe_ticket_has_attendee_info_fields":false,"_EventAllDay":false,"_EventTimezone":"","_EventStartDate":"","_EventEndDate":"","_EventStartDateUTC":"","_EventEndDateUTC":"","_EventShowMap":false,"_EventShowMapLink":false,"_EventURL":"","_EventCost":"","_EventCostDescription":"","_EventCurrencySymbol":"","_EventCurrencyCode":"","_EventCurrencyPosition":"","_EventDateTimeSeparator":"","_EventTimeRangeSeparator":"","_EventOrganizerID":[],"_EventVenueID":[],"_OrganizerEmail":"","_OrganizerPhone":"","_OrganizerWebsite":"","_VenueAddress":"","_VenueCity":"","_VenueCountry":"","_VenueProvince":"","_VenueState":"","_VenueZip":"","_VenuePhone":"","_VenueURL":"","_VenueStateProvince":"","_VenueLat":"","_VenueLng":"","_VenueShowMap":false,"_VenueShowMapLink":false,"_tribe_blocks_recurrence_rules":"","_tribe_blocks_recurrence_description":"","_tribe_blocks_recurrence_exclusions":"","footnotes":"","_tec_slr_enabled":"","_tec_slr_layout":""},"categories":[26],"tags":[],"class_list":["post-26650","post","type-post","status-publish","format-standard","has-post-thumbnail","hentry","category-news"],"yoast_head":"<!-- This site is optimized with the Yoast SEO Premium plugin v26.1 (Yoast SEO v27.5) - https:\/\/yoast.com\/product\/yoast-seo-premium-wordpress\/ -->\n<title>Spurlos verschwunden? Einweihung Strassenmarkierung und digitale Erinnerungslandschaft - Centrum Judaicum<\/title>\n<meta name=\"robots\" content=\"index, follow, max-snippet:-1, max-image-preview:large, max-video-preview:-1\" \/>\n<link rel=\"canonical\" href=\"https:\/\/centrumjudaicum.de\/en\/spurlos-verschwunden-einweihung-strassenmarkierung-und-digitale-erinnerungslandschaft\/\" \/>\n<meta property=\"og:locale\" content=\"en_US\" \/>\n<meta property=\"og:type\" content=\"article\" \/>\n<meta property=\"og:title\" content=\"Spurlos verschwunden? Einweihung Strassenmarkierung und digitale Erinnerungslandschaft\" \/>\n<meta property=\"og:description\" content=\"Spurlos verschwunden? Einweihung Strassenmarkierung und digitale Erinnerungslandschaft Ab sofort sind die 10 Stra\u00dfenmarkierungen in der Gormannstra\u00dfe, Rosenthaler Stra\u00dfe, Neue Sch\u00f6nhauser Stra\u00dfe, Alte Sch\u00f6nhauser Stra\u00dfe, Linienstra\u00dfe, Rosa-Luxemburg-Platz, Mulackstra\u00dfe, M\u00fcnzstra\u00dfe, Max-Beer-Stra\u00dfe und [&hellip;]\" \/>\n<meta property=\"og:url\" content=\"https:\/\/centrumjudaicum.de\/en\/spurlos-verschwunden-einweihung-strassenmarkierung-und-digitale-erinnerungslandschaft\/\" \/>\n<meta property=\"og:site_name\" content=\"Centrum Judaicum\" \/>\n<meta property=\"article:published_time\" content=\"2026-03-12T12:29:56+00:00\" \/>\n<meta property=\"article:modified_time\" content=\"2026-03-12T13:29:13+00:00\" \/>\n<meta property=\"og:image\" content=\"https:\/\/centrumjudaicum.de\/wp-content\/uploads\/2026\/03\/Einweihung-Strassenmarkierung-Almstadtstrasse.png\" \/>\n\t<meta property=\"og:image:width\" content=\"1667\" \/>\n\t<meta property=\"og:image:height\" content=\"1250\" \/>\n\t<meta property=\"og:image:type\" content=\"image\/png\" \/>\n<meta name=\"author\" content=\"J.Blechschmidt\" \/>\n<meta name=\"twitter:card\" content=\"summary_large_image\" \/>\n<meta name=\"twitter:label1\" content=\"Written by\" \/>\n\t<meta name=\"twitter:data1\" content=\"J.Blechschmidt\" \/>\n\t<meta name=\"twitter:label2\" content=\"Est. reading time\" \/>\n\t<meta name=\"twitter:data2\" content=\"2 minutes\" \/>\n<script type=\"application\/ld+json\" class=\"yoast-schema-graph\">{\"@context\":\"https:\\\/\\\/schema.org\",\"@graph\":[{\"@type\":\"Article\",\"@id\":\"https:\\\/\\\/centrumjudaicum.de\\\/spurlos-verschwunden-einweihung-strassenmarkierung-und-digitale-erinnerungslandschaft\\\/#article\",\"isPartOf\":{\"@id\":\"https:\\\/\\\/centrumjudaicum.de\\\/spurlos-verschwunden-einweihung-strassenmarkierung-und-digitale-erinnerungslandschaft\\\/\"},\"author\":{\"name\":\"J.Blechschmidt\",\"@id\":\"https:\\\/\\\/centrumjudaicum.de\\\/#\\\/schema\\\/person\\\/b48bf0e361aaaa497b1d40301f3fe763\"},\"headline\":\"Spurlos verschwunden? Einweihung Strassenmarkierung und digitale Erinnerungslandschaft\",\"datePublished\":\"2026-03-12T12:29:56+00:00\",\"dateModified\":\"2026-03-12T13:29:13+00:00\",\"mainEntityOfPage\":{\"@id\":\"https:\\\/\\\/centrumjudaicum.de\\\/spurlos-verschwunden-einweihung-strassenmarkierung-und-digitale-erinnerungslandschaft\\\/\"},\"wordCount\":218,\"commentCount\":0,\"publisher\":{\"@id\":\"https:\\\/\\\/centrumjudaicum.de\\\/#organization\"},\"image\":{\"@id\":\"https:\\\/\\\/centrumjudaicum.de\\\/spurlos-verschwunden-einweihung-strassenmarkierung-und-digitale-erinnerungslandschaft\\\/#primaryimage\"},\"thumbnailUrl\":\"https:\\\/\\\/centrumjudaicum.de\\\/wp-content\\\/uploads\\\/2026\\\/03\\\/Einweihung-Strassenmarkierung-Almstadtstrasse.png\",\"articleSection\":[\"News\"],\"inLanguage\":\"en-US\",\"potentialAction\":[{\"@type\":\"CommentAction\",\"name\":\"Comment\",\"target\":[\"https:\\\/\\\/centrumjudaicum.de\\\/spurlos-verschwunden-einweihung-strassenmarkierung-und-digitale-erinnerungslandschaft\\\/#respond\"]}]},{\"@type\":\"WebPage\",\"@id\":\"https:\\\/\\\/centrumjudaicum.de\\\/spurlos-verschwunden-einweihung-strassenmarkierung-und-digitale-erinnerungslandschaft\\\/\",\"url\":\"https:\\\/\\\/centrumjudaicum.de\\\/spurlos-verschwunden-einweihung-strassenmarkierung-und-digitale-erinnerungslandschaft\\\/\",\"name\":\"Spurlos verschwunden? Einweihung Strassenmarkierung und digitale Erinnerungslandschaft - Centrum Judaicum\",\"isPartOf\":{\"@id\":\"https:\\\/\\\/centrumjudaicum.de\\\/#website\"},\"primaryImageOfPage\":{\"@id\":\"https:\\\/\\\/centrumjudaicum.de\\\/spurlos-verschwunden-einweihung-strassenmarkierung-und-digitale-erinnerungslandschaft\\\/#primaryimage\"},\"image\":{\"@id\":\"https:\\\/\\\/centrumjudaicum.de\\\/spurlos-verschwunden-einweihung-strassenmarkierung-und-digitale-erinnerungslandschaft\\\/#primaryimage\"},\"thumbnailUrl\":\"https:\\\/\\\/centrumjudaicum.de\\\/wp-content\\\/uploads\\\/2026\\\/03\\\/Einweihung-Strassenmarkierung-Almstadtstrasse.png\",\"datePublished\":\"2026-03-12T12:29:56+00:00\",\"dateModified\":\"2026-03-12T13:29:13+00:00\",\"breadcrumb\":{\"@id\":\"https:\\\/\\\/centrumjudaicum.de\\\/spurlos-verschwunden-einweihung-strassenmarkierung-und-digitale-erinnerungslandschaft\\\/#breadcrumb\"},\"inLanguage\":\"en-US\",\"potentialAction\":[{\"@type\":\"ReadAction\",\"target\":[\"https:\\\/\\\/centrumjudaicum.de\\\/spurlos-verschwunden-einweihung-strassenmarkierung-und-digitale-erinnerungslandschaft\\\/\"]}]},{\"@type\":\"ImageObject\",\"inLanguage\":\"en-US\",\"@id\":\"https:\\\/\\\/centrumjudaicum.de\\\/spurlos-verschwunden-einweihung-strassenmarkierung-und-digitale-erinnerungslandschaft\\\/#primaryimage\",\"url\":\"https:\\\/\\\/centrumjudaicum.de\\\/wp-content\\\/uploads\\\/2026\\\/03\\\/Einweihung-Strassenmarkierung-Almstadtstrasse.png\",\"contentUrl\":\"https:\\\/\\\/centrumjudaicum.de\\\/wp-content\\\/uploads\\\/2026\\\/03\\\/Einweihung-Strassenmarkierung-Almstadtstrasse.png\",\"width\":1667,\"height\":1250},{\"@type\":\"BreadcrumbList\",\"@id\":\"https:\\\/\\\/centrumjudaicum.de\\\/spurlos-verschwunden-einweihung-strassenmarkierung-und-digitale-erinnerungslandschaft\\\/#breadcrumb\",\"itemListElement\":[{\"@type\":\"ListItem\",\"position\":1,\"name\":\"Home\",\"item\":\"https:\\\/\\\/centrumjudaicum.de\\\/\"},{\"@type\":\"ListItem\",\"position\":2,\"name\":\"Spurlos verschwunden? Einweihung Strassenmarkierung und digitale Erinnerungslandschaft\"}]},{\"@type\":\"WebSite\",\"@id\":\"https:\\\/\\\/centrumjudaicum.de\\\/#website\",\"url\":\"https:\\\/\\\/centrumjudaicum.de\\\/\",\"name\":\"Centrum Judaicum\",\"description\":\"\",\"publisher\":{\"@id\":\"https:\\\/\\\/centrumjudaicum.de\\\/#organization\"},\"potentialAction\":[{\"@type\":\"SearchAction\",\"target\":{\"@type\":\"EntryPoint\",\"urlTemplate\":\"https:\\\/\\\/centrumjudaicum.de\\\/?s={search_term_string}\"},\"query-input\":{\"@type\":\"PropertyValueSpecification\",\"valueRequired\":true,\"valueName\":\"search_term_string\"}}],\"inLanguage\":\"en-US\"},{\"@type\":\"Organization\",\"@id\":\"https:\\\/\\\/centrumjudaicum.de\\\/#organization\",\"name\":\"Centrum Judaicum\",\"url\":\"https:\\\/\\\/centrumjudaicum.de\\\/\",\"logo\":{\"@type\":\"ImageObject\",\"inLanguage\":\"en-US\",\"@id\":\"https:\\\/\\\/centrumjudaicum.de\\\/#\\\/schema\\\/logo\\\/image\\\/\",\"url\":\"https:\\\/\\\/centrumjudaicum.de\\\/wp-content\\\/uploads\\\/2022\\\/10\\\/Logo_Stiftung_Neue_Synagoge_Berlin_Gold_.png\",\"contentUrl\":\"https:\\\/\\\/centrumjudaicum.de\\\/wp-content\\\/uploads\\\/2022\\\/10\\\/Logo_Stiftung_Neue_Synagoge_Berlin_Gold_.png\",\"width\":1188,\"height\":409,\"caption\":\"Centrum Judaicum\"},\"image\":{\"@id\":\"https:\\\/\\\/centrumjudaicum.de\\\/#\\\/schema\\\/logo\\\/image\\\/\"}},{\"@type\":\"Person\",\"@id\":\"https:\\\/\\\/centrumjudaicum.de\\\/#\\\/schema\\\/person\\\/b48bf0e361aaaa497b1d40301f3fe763\",\"name\":\"J.Blechschmidt\",\"url\":\"https:\\\/\\\/centrumjudaicum.de\\\/en\\\/author\\\/j-blechschmidt\\\/\"}]}<\/script>\n<!-- \/ Yoast SEO Premium plugin. -->","yoast_head_json":{"title":"Spurlos verschwunden? Einweihung Strassenmarkierung und digitale Erinnerungslandschaft - Centrum Judaicum","robots":{"index":"index","follow":"follow","max-snippet":"max-snippet:-1","max-image-preview":"max-image-preview:large","max-video-preview":"max-video-preview:-1"},"canonical":"https:\/\/centrumjudaicum.de\/en\/spurlos-verschwunden-einweihung-strassenmarkierung-und-digitale-erinnerungslandschaft\/","og_locale":"en_US","og_type":"article","og_title":"Spurlos verschwunden? Einweihung Strassenmarkierung und digitale Erinnerungslandschaft","og_description":"Spurlos verschwunden? Einweihung Strassenmarkierung und digitale Erinnerungslandschaft Ab sofort sind die 10 Stra\u00dfenmarkierungen in der Gormannstra\u00dfe, Rosenthaler Stra\u00dfe, Neue Sch\u00f6nhauser Stra\u00dfe, Alte Sch\u00f6nhauser Stra\u00dfe, Linienstra\u00dfe, Rosa-Luxemburg-Platz, Mulackstra\u00dfe, M\u00fcnzstra\u00dfe, Max-Beer-Stra\u00dfe und [&hellip;]","og_url":"https:\/\/centrumjudaicum.de\/en\/spurlos-verschwunden-einweihung-strassenmarkierung-und-digitale-erinnerungslandschaft\/","og_site_name":"Centrum Judaicum","article_published_time":"2026-03-12T12:29:56+00:00","article_modified_time":"2026-03-12T13:29:13+00:00","og_image":[{"width":1667,"height":1250,"url":"https:\/\/centrumjudaicum.de\/wp-content\/uploads\/2026\/03\/Einweihung-Strassenmarkierung-Almstadtstrasse.png","type":"image\/png"}],"author":"J.Blechschmidt","twitter_card":"summary_large_image","twitter_misc":{"Written by":"J.Blechschmidt","Est. reading time":"2 minutes"},"schema":{"@context":"https:\/\/schema.org","@graph":[{"@type":"Article","@id":"https:\/\/centrumjudaicum.de\/spurlos-verschwunden-einweihung-strassenmarkierung-und-digitale-erinnerungslandschaft\/#article","isPartOf":{"@id":"https:\/\/centrumjudaicum.de\/spurlos-verschwunden-einweihung-strassenmarkierung-und-digitale-erinnerungslandschaft\/"},"author":{"name":"J.Blechschmidt","@id":"https:\/\/centrumjudaicum.de\/#\/schema\/person\/b48bf0e361aaaa497b1d40301f3fe763"},"headline":"Spurlos verschwunden? Einweihung Strassenmarkierung und digitale Erinnerungslandschaft","datePublished":"2026-03-12T12:29:56+00:00","dateModified":"2026-03-12T13:29:13+00:00","mainEntityOfPage":{"@id":"https:\/\/centrumjudaicum.de\/spurlos-verschwunden-einweihung-strassenmarkierung-und-digitale-erinnerungslandschaft\/"},"wordCount":218,"commentCount":0,"publisher":{"@id":"https:\/\/centrumjudaicum.de\/#organization"},"image":{"@id":"https:\/\/centrumjudaicum.de\/spurlos-verschwunden-einweihung-strassenmarkierung-und-digitale-erinnerungslandschaft\/#primaryimage"},"thumbnailUrl":"https:\/\/centrumjudaicum.de\/wp-content\/uploads\/2026\/03\/Einweihung-Strassenmarkierung-Almstadtstrasse.png","articleSection":["News"],"inLanguage":"en-US","potentialAction":[{"@type":"CommentAction","name":"Comment","target":["https:\/\/centrumjudaicum.de\/spurlos-verschwunden-einweihung-strassenmarkierung-und-digitale-erinnerungslandschaft\/#respond"]}]},{"@type":"WebPage","@id":"https:\/\/centrumjudaicum.de\/spurlos-verschwunden-einweihung-strassenmarkierung-und-digitale-erinnerungslandschaft\/","url":"https:\/\/centrumjudaicum.de\/spurlos-verschwunden-einweihung-strassenmarkierung-und-digitale-erinnerungslandschaft\/","name":"Spurlos verschwunden? Einweihung Strassenmarkierung und digitale Erinnerungslandschaft - Centrum Judaicum","isPartOf":{"@id":"https:\/\/centrumjudaicum.de\/#website"},"primaryImageOfPage":{"@id":"https:\/\/centrumjudaicum.de\/spurlos-verschwunden-einweihung-strassenmarkierung-und-digitale-erinnerungslandschaft\/#primaryimage"},"image":{"@id":"https:\/\/centrumjudaicum.de\/spurlos-verschwunden-einweihung-strassenmarkierung-und-digitale-erinnerungslandschaft\/#primaryimage"},"thumbnailUrl":"https:\/\/centrumjudaicum.de\/wp-content\/uploads\/2026\/03\/Einweihung-Strassenmarkierung-Almstadtstrasse.png","datePublished":"2026-03-12T12:29:56+00:00","dateModified":"2026-03-12T13:29:13+00:00","breadcrumb":{"@id":"https:\/\/centrumjudaicum.de\/spurlos-verschwunden-einweihung-strassenmarkierung-und-digitale-erinnerungslandschaft\/#breadcrumb"},"inLanguage":"en-US","potentialAction":[{"@type":"ReadAction","target":["https:\/\/centrumjudaicum.de\/spurlos-verschwunden-einweihung-strassenmarkierung-und-digitale-erinnerungslandschaft\/"]}]},{"@type":"ImageObject","inLanguage":"en-US","@id":"https:\/\/centrumjudaicum.de\/spurlos-verschwunden-einweihung-strassenmarkierung-und-digitale-erinnerungslandschaft\/#primaryimage","url":"https:\/\/centrumjudaicum.de\/wp-content\/uploads\/2026\/03\/Einweihung-Strassenmarkierung-Almstadtstrasse.png","contentUrl":"https:\/\/centrumjudaicum.de\/wp-content\/uploads\/2026\/03\/Einweihung-Strassenmarkierung-Almstadtstrasse.png","width":1667,"height":1250},{"@type":"BreadcrumbList","@id":"https:\/\/centrumjudaicum.de\/spurlos-verschwunden-einweihung-strassenmarkierung-und-digitale-erinnerungslandschaft\/#breadcrumb","itemListElement":[{"@type":"ListItem","position":1,"name":"Home","item":"https:\/\/centrumjudaicum.de\/"},{"@type":"ListItem","position":2,"name":"Spurlos verschwunden? Einweihung Strassenmarkierung und digitale Erinnerungslandschaft"}]},{"@type":"WebSite","@id":"https:\/\/centrumjudaicum.de\/#website","url":"https:\/\/centrumjudaicum.de\/","name":"Centrum Judaicum","description":"","publisher":{"@id":"https:\/\/centrumjudaicum.de\/#organization"},"potentialAction":[{"@type":"SearchAction","target":{"@type":"EntryPoint","urlTemplate":"https:\/\/centrumjudaicum.de\/?s={search_term_string}"},"query-input":{"@type":"PropertyValueSpecification","valueRequired":true,"valueName":"search_term_string"}}],"inLanguage":"en-US"},{"@type":"Organization","@id":"https:\/\/centrumjudaicum.de\/#organization","name":"Centrum Judaicum","url":"https:\/\/centrumjudaicum.de\/","logo":{"@type":"ImageObject","inLanguage":"en-US","@id":"https:\/\/centrumjudaicum.de\/#\/schema\/logo\/image\/","url":"https:\/\/centrumjudaicum.de\/wp-content\/uploads\/2022\/10\/Logo_Stiftung_Neue_Synagoge_Berlin_Gold_.png","contentUrl":"https:\/\/centrumjudaicum.de\/wp-content\/uploads\/2022\/10\/Logo_Stiftung_Neue_Synagoge_Berlin_Gold_.png","width":1188,"height":409,"caption":"Centrum Judaicum"},"image":{"@id":"https:\/\/centrumjudaicum.de\/#\/schema\/logo\/image\/"}},{"@type":"Person","@id":"https:\/\/centrumjudaicum.de\/#\/schema\/person\/b48bf0e361aaaa497b1d40301f3fe763","name":"J.Blechschmidt","url":"https:\/\/centrumjudaicum.de\/en\/author\/j-blechschmidt\/"}]}},"ticketed":false,"_links":{"self":[{"href":"https:\/\/centrumjudaicum.de\/en\/wp-json\/wp\/v2\/posts\/26650","targetHints":{"allow":["GET"]}}],"collection":[{"href":"https:\/\/centrumjudaicum.de\/en\/wp-json\/wp\/v2\/posts"}],"about":[{"href":"https:\/\/centrumjudaicum.de\/en\/wp-json\/wp\/v2\/types\/post"}],"author":[{"embeddable":true,"href":"https:\/\/centrumjudaicum.de\/en\/wp-json\/wp\/v2\/users\/3"}],"replies":[{"embeddable":true,"href":"https:\/\/centrumjudaicum.de\/en\/wp-json\/wp\/v2\/comments?post=26650"}],"version-history":[{"count":7,"href":"https:\/\/centrumjudaicum.de\/en\/wp-json\/wp\/v2\/posts\/26650\/revisions"}],"predecessor-version":[{"id":26667,"href":"https:\/\/centrumjudaicum.de\/en\/wp-json\/wp\/v2\/posts\/26650\/revisions\/26667"}],"wp:featuredmedia":[{"embeddable":true,"href":"https:\/\/centrumjudaicum.de\/en\/wp-json\/wp\/v2\/media\/26651"}],"wp:attachment":[{"href":"https:\/\/centrumjudaicum.de\/en\/wp-json\/wp\/v2\/media?parent=26650"}],"wp:term":[{"taxonomy":"category","embeddable":true,"href":"https:\/\/centrumjudaicum.de\/en\/wp-json\/wp\/v2\/categories?post=26650"},{"taxonomy":"post_tag","embeddable":true,"href":"https:\/\/centrumjudaicum.de\/en\/wp-json\/wp\/v2\/tags?post=26650"}],"curies":[{"name":"wp","href":"https:\/\/api.w.org\/{rel}","templated":true}]}}