{"id":26826,"date":"2026-04-28T11:54:02","date_gmt":"2026-04-28T09:54:02","guid":{"rendered":"https:\/\/centrumjudaicum.de\/?p=26826"},"modified":"2026-04-28T11:55:13","modified_gmt":"2026-04-28T09:55:13","slug":"internationaler-museumstag-geschichte-erleben-raeume-entdecken","status":"publish","type":"post","link":"https:\/\/centrumjudaicum.de\/en\/internationaler-museumstag-geschichte-erleben-raeume-entdecken\/","title":{"rendered":"Internationaler Museumstag <br>Geschichte erleben, R\u00e4ume entdecken"},"content":{"rendered":"<div data-elementor-type=\"wp-post\" data-elementor-id=\"26826\" class=\"elementor elementor-26826\" data-elementor-post-type=\"post\">\n\t\t\t\t<div class=\"elementor-element elementor-element-9862cfc e-flex e-con-boxed e-con e-parent\" data-id=\"9862cfc\" data-element_type=\"container\" data-e-type=\"container\">\n\t\t\t\t\t<div class=\"e-con-inner\">\n\t\t\t\t\t<\/div>\n\t\t\t\t<\/div>\n\t\t<div class=\"elementor-element elementor-element-681122e8 e-flex e-con-boxed e-con e-parent\" data-id=\"681122e8\" data-element_type=\"container\" data-e-type=\"container\">\n\t\t\t\t\t<div class=\"e-con-inner\">\n\t\t\t\t<div class=\"elementor-element elementor-element-1a3ca497 elementor-widget elementor-widget-tec_events_elementor_widget_event_title\" data-id=\"1a3ca497\" data-element_type=\"widget\" data-e-type=\"widget\" data-widget_type=\"tec_events_elementor_widget_event_title.default\">\n\t\t\t\t<div class=\"elementor-widget-container\">\n\t\t\t\t\t<h1  class=\"tec-events-elementor-event-widget__title\" >\n\tInternationaler Museumstag <br>Geschichte erleben, R\u00e4ume entdecken<\/h1>\t\t\t\t<\/div>\n\t\t\t\t<\/div>\n\t\t\t\t\t<\/div>\n\t\t\t\t<\/div>\n\t\t<div class=\"elementor-element elementor-element-4b2b4395 e-con-full e-flex e-con e-parent\" data-id=\"4b2b4395\" data-element_type=\"container\" data-e-type=\"container\">\n\t\t<div class=\"elementor-element elementor-element-5774a231 e-con-full e-flex e-con e-child\" data-id=\"5774a231\" data-element_type=\"container\" data-e-type=\"container\">\n\t\t\t\t<div class=\"elementor-element elementor-element-1e350a84 elementor-widget elementor-widget-spacer\" data-id=\"1e350a84\" data-element_type=\"widget\" data-e-type=\"widget\" data-widget_type=\"spacer.default\">\n\t\t\t\t<div class=\"elementor-widget-container\">\n\t\t\t\t\t\t\t<div class=\"elementor-spacer\">\n\t\t\t<div class=\"elementor-spacer-inner\"><\/div>\n\t\t<\/div>\n\t\t\t\t\t\t<\/div>\n\t\t\t\t<\/div>\n\t\t\t\t<\/div>\n\t\t\t\t<\/div>\n\t\t<div class=\"elementor-element elementor-element-bc001f4 e-flex e-con-boxed e-con e-parent\" data-id=\"bc001f4\" data-element_type=\"container\" data-e-type=\"container\">\n\t\t\t\t\t<div class=\"e-con-inner\">\n\t\t\t\t<div class=\"elementor-element elementor-element-6fb10d1 elementor-widget elementor-widget-text-editor\" data-id=\"6fb10d1\" data-element_type=\"widget\" data-e-type=\"widget\" data-widget_type=\"text-editor.default\">\n\t\t\t\t<div class=\"elementor-widget-container\">\n\t\t\t\t\t\t\t\t\t<p>In diesem Jahr beteiligt sich die Stiftung Neue Synagoge Berlin \u2013 Centrum Judaicum am <strong>Internationalen Museumstag.<\/strong><br \/>Am <strong>Sonntag, 17. Mai 2026<\/strong>, \u00f6ffnen wir unsere T\u00fcren f\u00fcr ein vielf\u00e4ltiges Programm, das Einblicke in Geschichte, Architektur und religi\u00f6ses Leben gibt.<\/p><p>Neben einer \u00dcberblicksf\u00fchrung durch die wechselvolle Geschichte der Neuen Synagoge erwartet Sie unter anderem eine zweist\u00fcndige F\u00fchrung zum Thema<strong> Queerness und Gender im Judentum<\/strong> passend zum <strong>IDAHOBITA* &#8211; Tag gegen Queerfeindlichkeit<\/strong>.<\/p><p>Ausgew\u00e4hlte Programmpunkte werden auch auf Englisch angeboten. Wir freuen uns auf Ihren Besuch!<\/p>\t\t\t\t\t\t\t\t<\/div>\n\t\t\t\t<\/div>\n\t\t\t\t\t<\/div>\n\t\t\t\t<\/div>\n\t\t<div class=\"elementor-element elementor-element-1af2001 e-con-full e-flex e-con e-parent\" data-id=\"1af2001\" data-element_type=\"container\" data-e-type=\"container\">\n\t\t<div class=\"elementor-element elementor-element-6f5c1da e-con-full e-flex e-con e-child\" data-id=\"6f5c1da\" data-element_type=\"container\" data-e-type=\"container\">\n\t\t\t\t<div class=\"elementor-element elementor-element-586693f elementor-widget elementor-widget-spacer\" data-id=\"586693f\" data-element_type=\"widget\" data-e-type=\"widget\" data-widget_type=\"spacer.default\">\n\t\t\t\t<div class=\"elementor-widget-container\">\n\t\t\t\t\t\t\t<div class=\"elementor-spacer\">\n\t\t\t<div class=\"elementor-spacer-inner\"><\/div>\n\t\t<\/div>\n\t\t\t\t\t\t<\/div>\n\t\t\t\t<\/div>\n\t\t\t\t<\/div>\n\t\t\t\t<\/div>\n\t\t<div class=\"elementor-element elementor-element-bccea27 e-flex e-con-boxed e-con e-parent\" data-id=\"bccea27\" data-element_type=\"container\" data-e-type=\"container\">\n\t\t\t\t\t<div class=\"e-con-inner\">\n\t\t\t\t<div class=\"elementor-element elementor-element-22cde6f elementor-widget elementor-widget-text-editor\" data-id=\"22cde6f\" data-element_type=\"widget\" data-e-type=\"widget\" data-widget_type=\"text-editor.default\">\n\t\t\t\t<div class=\"elementor-widget-container\">\n\t\t\t\t\t\t\t\t\t<h3>Tohuwabohu unter der Kuppel! <br \/>Einmal quer durch die Synagoge und das j\u00fcdische Berlin von 1866 bis heute<\/h3><p>\u201eTohuwabohu\u201c ist einer der ersten Phrasen in der Tora und beschreibt den formlosen Urzustand des Universums vor der Sch\u00f6pfung. Schon l\u00e4ngst im deutschen Sprachgebrauch als \u201echaotisch\u201c oder \u201edurcheinander\u201c etabliert, wurde \u201eTohuwabohu\u201c auch der Titel f\u00fcr den erfolgreichen Roman von Sammy Gronemann \u00fcber die verschiedenen Facetten j\u00fcdischen Lebens in Berlin um die Wende des 20. Jahrhunderts und ist heute ein passender Titel f\u00fcr unsere \u00dcberblicksf\u00fchrung durch die abenteuerliche Geschichte unseres Hauses. Wir spannen einen Bogen von den erstmalig ge\u00f6ffneten Pforten und dem Besuch des Ministerpr\u00e4sidenten Otto von Bismarck hin zur Zerst\u00f6rung im Zweiten Weltkrieg und dem Wiederaufbau um die Wendezeit. Auf dem Weg begegnen wir mutigen Polizisten, Propheten, Rabbinerinnen und sp\u00fcren Geschichten nach, die buchst\u00e4blich in den W\u00e4nden und Objekten der Neuen Synagoge eingeschrieben sind.<\/p><p><strong>Treffpunkt:<\/strong> 11:00 Uhr im Kassenbereich des Museums.<\/p><p><strong>** Bitte kommen Sie 15 Minuten vor Beginn der F\u00fchrung, da die Sicherheitskontrolle am Eingang etwas Zeit in Anspruch nehmen kann. **<\/strong><\/p>\t\t\t\t\t\t\t\t<\/div>\n\t\t\t\t<\/div>\n\t\t\t\t\t<\/div>\n\t\t\t\t<\/div>\n\t\t<div class=\"elementor-element elementor-element-1fb8754 e-flex e-con-boxed e-con e-parent\" data-id=\"1fb8754\" data-element_type=\"container\" data-e-type=\"container\">\n\t\t\t\t\t<div class=\"e-con-inner\">\n\t\t\t\t<div class=\"elementor-element elementor-element-909bf8e elementor-widget elementor-widget-button\" data-id=\"909bf8e\" data-element_type=\"widget\" data-e-type=\"widget\" data-widget_type=\"button.default\">\n\t\t\t\t<div class=\"elementor-widget-container\">\n\t\t\t\t\t\t\t\t\t<div class=\"elementor-button-wrapper\">\n\t\t\t\t\t<a class=\"elementor-button elementor-button-link elementor-size-sm\" href=\"https:\/\/ticket.centrumjudaicum.de\/#\/product\/event\/69?date_id=4450\">\n\t\t\t\t\t\t<span class=\"elementor-button-content-wrapper\">\n\t\t\t\t\t\t\t\t\t<span class=\"elementor-button-text\">Anmeldung<\/span>\n\t\t\t\t\t<\/span>\n\t\t\t\t\t<\/a>\n\t\t\t\t<\/div>\n\t\t\t\t\t\t\t\t<\/div>\n\t\t\t\t<\/div>\n\t\t\t\t\t<\/div>\n\t\t\t\t<\/div>\n\t\t<div class=\"elementor-element elementor-element-117ee3f e-con-full e-flex e-con e-parent\" data-id=\"117ee3f\" data-element_type=\"container\" data-e-type=\"container\">\n\t\t<div class=\"elementor-element elementor-element-d81ee97 e-con-full e-flex e-con e-child\" data-id=\"d81ee97\" data-element_type=\"container\" data-e-type=\"container\">\n\t\t\t\t<div class=\"elementor-element elementor-element-c347de0 elementor-widget elementor-widget-spacer\" data-id=\"c347de0\" data-element_type=\"widget\" data-e-type=\"widget\" data-widget_type=\"spacer.default\">\n\t\t\t\t<div class=\"elementor-widget-container\">\n\t\t\t\t\t\t\t<div class=\"elementor-spacer\">\n\t\t\t<div class=\"elementor-spacer-inner\"><\/div>\n\t\t<\/div>\n\t\t\t\t\t\t<\/div>\n\t\t\t\t<\/div>\n\t\t\t\t<\/div>\n\t\t\t\t<\/div>\n\t\t<div class=\"elementor-element elementor-element-ba1c6cc e-flex e-con-boxed e-con e-parent\" data-id=\"ba1c6cc\" data-element_type=\"container\" data-e-type=\"container\">\n\t\t\t\t\t<div class=\"e-con-inner\">\n\t\t\t\t<div class=\"elementor-element elementor-element-a7a5d13 elementor-widget elementor-widget-text-editor\" data-id=\"a7a5d13\" data-element_type=\"widget\" data-e-type=\"widget\" data-widget_type=\"text-editor.default\">\n\t\t\t\t<div class=\"elementor-widget-container\">\n\t\t\t\t\t\t\t\t\t<h3>Tohuwabohu under the Dome! <br \/>A Journey Through the Synagogue and Jewish Berlin From 1866 to Today (in English)<\/h3><p>&#8222;Tohuwabohu&#8220; is one of the first phrases in the Torah, describing the formless primordial state of the universe before creation. Long established in everyday German to mean &#8222;chaotic&#8220; or &#8222;confusion,&#8220; &#8222;Tohuwabohu&#8220; also became the title of Sammy Gronemann&#8217;s successful novel depicting the various facets of Jewish life in Berlin around the turn of the 20th century. Today, it is a fitting title for our overview tour through the turbulent history of our institution. We explore the past and present of the New Synagogue Berlin, from the first time its doors were open to the public, the visit of Prime Minister Otto von Bismarck, to its destruction in the Second World War and subsequent reconstruction around the period of Reunification. Along the way, we encounter courageous police officers, prophets, rabbis, and explore stories literally inscribed on the walls and objects of the New Synagogue.<\/p><p><strong>Meeting point:<\/strong> 12:30 a.m. at the cash desk in the museum.<\/p><p><strong>** Please arrive at least 15 minutes before the tour begins, as the security check at the entrance can take some time. **<\/strong><\/p>\t\t\t\t\t\t\t\t<\/div>\n\t\t\t\t<\/div>\n\t\t\t\t\t<\/div>\n\t\t\t\t<\/div>\n\t\t<div class=\"elementor-element elementor-element-80826aa e-flex e-con-boxed e-con e-parent\" data-id=\"80826aa\" data-element_type=\"container\" data-e-type=\"container\">\n\t\t\t\t\t<div class=\"e-con-inner\">\n\t\t\t\t<div class=\"elementor-element elementor-element-e3218c4 elementor-widget elementor-widget-button\" data-id=\"e3218c4\" data-element_type=\"widget\" data-e-type=\"widget\" data-widget_type=\"button.default\">\n\t\t\t\t<div class=\"elementor-widget-container\">\n\t\t\t\t\t\t\t\t\t<div class=\"elementor-button-wrapper\">\n\t\t\t\t\t<a class=\"elementor-button elementor-button-link elementor-size-sm\" href=\"https:\/\/ticket.centrumjudaicum.de\/#\/product\/event\/69?date_id=4452\">\n\t\t\t\t\t\t<span class=\"elementor-button-content-wrapper\">\n\t\t\t\t\t\t\t\t\t<span class=\"elementor-button-text\">Anmeldung<\/span>\n\t\t\t\t\t<\/span>\n\t\t\t\t\t<\/a>\n\t\t\t\t<\/div>\n\t\t\t\t\t\t\t\t<\/div>\n\t\t\t\t<\/div>\n\t\t\t\t\t<\/div>\n\t\t\t\t<\/div>\n\t\t<div class=\"elementor-element elementor-element-2e2259a e-con-full e-flex e-con e-parent\" data-id=\"2e2259a\" data-element_type=\"container\" data-e-type=\"container\">\n\t\t<div class=\"elementor-element elementor-element-47b5f9d e-con-full e-flex e-con e-child\" data-id=\"47b5f9d\" data-element_type=\"container\" data-e-type=\"container\">\n\t\t\t\t<div class=\"elementor-element elementor-element-0acf2a1 elementor-widget elementor-widget-spacer\" data-id=\"0acf2a1\" data-element_type=\"widget\" data-e-type=\"widget\" data-widget_type=\"spacer.default\">\n\t\t\t\t<div class=\"elementor-widget-container\">\n\t\t\t\t\t\t\t<div class=\"elementor-spacer\">\n\t\t\t<div class=\"elementor-spacer-inner\"><\/div>\n\t\t<\/div>\n\t\t\t\t\t\t<\/div>\n\t\t\t\t<\/div>\n\t\t\t\t<\/div>\n\t\t\t\t<\/div>\n\t\t<div class=\"elementor-element elementor-element-3b8bb71 e-flex e-con-boxed e-con e-parent\" data-id=\"3b8bb71\" data-element_type=\"container\" data-e-type=\"container\">\n\t\t\t\t\t<div class=\"e-con-inner\">\n\t\t\t\t<div class=\"elementor-element elementor-element-3a1ea3f elementor-widget elementor-widget-text-editor\" data-id=\"3a1ea3f\" data-element_type=\"widget\" data-e-type=\"widget\" data-widget_type=\"text-editor.default\">\n\t\t\t\t<div class=\"elementor-widget-container\">\n\t\t\t\t\t\t\t\t\t<h3>Queerness und Gender im Judentum \u2013<br \/>F\u00fchrung &amp; Stadtrundgang<\/h3><p>Anhand von Beispielen aus religi\u00f6sen Texten und modernen Konflikten innerhalb j\u00fcdischer Gruppen wenden wir uns auf der F\u00fchrung u.a. der Geschichte des Queerness im Judentum zu. Dabei betrachten wir auch das Leben queerer J\u00fcdinnen und Juden wie z.B. Widerstandsk\u00e4mpfer Herbert Budzidzslawski und der Sozialarbeiterin Hannah Karminski. Beide lebten, liebten und k\u00e4mpften ganz in der N\u00e4he unseres Hauses.<\/p><p>Die F\u00fchrung geht durch die Neue Synagoge Berlin und die nahe Umgebung in der Spandauer Vorstadt, wo es nicht nur um die traditionelle Rolle der Frau im Judentum, sondern auch um j\u00fcdische Frauen wie Regina Jonas geht. Als erste Rabbinerin der Weltgeschichte erk\u00e4mpfte Regina Jonas nicht nur neue Handlungsspielr\u00e4ume sondern sprengte ebenso vorhandene Grenzen.<\/p><p><br \/><strong>Treffpunkt:<\/strong> 14:00 Uhr vor der Neuen Synagoge Berlin \u2013 Centrum Judaicum<\/p>\t\t\t\t\t\t\t\t<\/div>\n\t\t\t\t<\/div>\n\t\t\t\t\t<\/div>\n\t\t\t\t<\/div>\n\t\t<div class=\"elementor-element elementor-element-9490347 e-flex e-con-boxed e-con e-parent\" data-id=\"9490347\" data-element_type=\"container\" data-e-type=\"container\">\n\t\t\t\t\t<div class=\"e-con-inner\">\n\t\t\t\t<div class=\"elementor-element elementor-element-0a0e06f elementor-widget elementor-widget-button\" data-id=\"0a0e06f\" data-element_type=\"widget\" data-e-type=\"widget\" data-widget_type=\"button.default\">\n\t\t\t\t<div class=\"elementor-widget-container\">\n\t\t\t\t\t\t\t\t\t<div class=\"elementor-button-wrapper\">\n\t\t\t\t\t<a class=\"elementor-button elementor-button-link elementor-size-sm\" href=\"https:\/\/ticket.centrumjudaicum.de\/#\/product\/event\/57?date_id=4456\">\n\t\t\t\t\t\t<span class=\"elementor-button-content-wrapper\">\n\t\t\t\t\t\t\t\t\t<span class=\"elementor-button-text\">Anmeldung<\/span>\n\t\t\t\t\t<\/span>\n\t\t\t\t\t<\/a>\n\t\t\t\t<\/div>\n\t\t\t\t\t\t\t\t<\/div>\n\t\t\t\t<\/div>\n\t\t\t\t\t<\/div>\n\t\t\t\t<\/div>\n\t\t\t\t<\/div>","protected":false},"excerpt":{"rendered":"<p>Internationaler Museumstag Geschichte erleben, R\u00e4ume entdecken In diesem Jahr beteiligt sich die Stiftung Neue Synagoge Berlin \u2013 Centrum Judaicum am Internationalen Museumstag.Am Sonntag, 17. Mai 2026, \u00f6ffnen wir unsere T\u00fcren [&hellip;]<\/p>\n","protected":false},"author":3,"featured_media":26724,"comment_status":"open","ping_status":"open","sticky":false,"template":"","format":"standard","meta":{"_tec_requires_first_save":true,"_price":"","_stock":"","_tribe_ticket_header":"","_tribe_default_ticket_provider":"","_tribe_ticket_capacity":"0","_ticket_start_date":"","_ticket_end_date":"","_tribe_ticket_show_description":"","_tribe_ticket_show_not_going":false,"_tribe_ticket_use_global_stock":"","_tribe_ticket_global_stock_level":"","_global_stock_mode":"","_global_stock_cap":"","_tribe_rsvp_for_event":"","_tribe_ticket_going_count":"","_tribe_ticket_not_going_count":"","_tribe_tickets_list":"[]","_tribe_ticket_has_attendee_info_fields":false,"_EventAllDay":false,"_EventTimezone":"","_EventStartDate":"","_EventEndDate":"","_EventStartDateUTC":"","_EventEndDateUTC":"","_EventShowMap":false,"_EventShowMapLink":false,"_EventURL":"","_EventCost":"","_EventCostDescription":"","_EventCurrencySymbol":"","_EventCurrencyCode":"","_EventCurrencyPosition":"","_EventDateTimeSeparator":"","_EventTimeRangeSeparator":"","_EventOrganizerID":[],"_EventVenueID":[],"_OrganizerEmail":"","_OrganizerPhone":"","_OrganizerWebsite":"","_VenueAddress":"","_VenueCity":"","_VenueCountry":"","_VenueProvince":"","_VenueState":"","_VenueZip":"","_VenuePhone":"","_VenueURL":"","_VenueStateProvince":"","_VenueLat":"","_VenueLng":"","_VenueShowMap":false,"_VenueShowMapLink":false,"_tribe_blocks_recurrence_rules":"","_tribe_blocks_recurrence_description":"","_tribe_blocks_recurrence_exclusions":"","footnotes":"","_tec_slr_enabled":"","_tec_slr_layout":""},"categories":[26],"tags":[214],"class_list":["post-26826","post","type-post","status-publish","format-standard","has-post-thumbnail","hentry","category-news","tag-internationaler-museumstag"],"yoast_head":"<!-- This site is optimized with the Yoast SEO Premium plugin v26.1 (Yoast SEO v27.5) - https:\/\/yoast.com\/product\/yoast-seo-premium-wordpress\/ -->\n<title>Internationaler Museumstag Geschichte erleben, R\u00e4ume entdecken - Centrum Judaicum<\/title>\n<meta name=\"robots\" content=\"index, follow, max-snippet:-1, max-image-preview:large, max-video-preview:-1\" \/>\n<link rel=\"canonical\" href=\"https:\/\/centrumjudaicum.de\/en\/internationaler-museumstag-geschichte-erleben-raeume-entdecken\/\" \/>\n<meta property=\"og:locale\" content=\"en_US\" \/>\n<meta property=\"og:type\" content=\"article\" \/>\n<meta property=\"og:title\" content=\"Internationaler Museumstag Geschichte erleben, R\u00e4ume entdecken\" \/>\n<meta property=\"og:description\" content=\"Internationaler Museumstag Geschichte erleben, R\u00e4ume entdecken In diesem Jahr beteiligt sich die Stiftung Neue Synagoge Berlin \u2013 Centrum Judaicum am Internationalen Museumstag.Am Sonntag, 17. Mai 2026, \u00f6ffnen wir unsere T\u00fcren [&hellip;]\" \/>\n<meta property=\"og:url\" content=\"https:\/\/centrumjudaicum.de\/en\/internationaler-museumstag-geschichte-erleben-raeume-entdecken\/\" \/>\n<meta property=\"og:site_name\" content=\"Centrum Judaicum\" \/>\n<meta property=\"article:published_time\" content=\"2026-04-28T09:54:02+00:00\" \/>\n<meta property=\"article:modified_time\" content=\"2026-04-28T09:55:13+00:00\" \/>\n<meta property=\"og:image\" content=\"https:\/\/centrumjudaicum.de\/wp-content\/uploads\/2026\/04\/1.png\" \/>\n\t<meta property=\"og:image:width\" content=\"1200\" \/>\n\t<meta property=\"og:image:height\" content=\"800\" \/>\n\t<meta property=\"og:image:type\" content=\"image\/png\" \/>\n<meta name=\"author\" content=\"J.Blechschmidt\" \/>\n<meta name=\"twitter:card\" content=\"summary_large_image\" \/>\n<meta name=\"twitter:label1\" content=\"Written by\" \/>\n\t<meta name=\"twitter:data1\" content=\"J.Blechschmidt\" \/>\n\t<meta name=\"twitter:label2\" content=\"Est. reading time\" \/>\n\t<meta name=\"twitter:data2\" content=\"4 minutes\" \/>\n<script type=\"application\/ld+json\" class=\"yoast-schema-graph\">{\"@context\":\"https:\\\/\\\/schema.org\",\"@graph\":[{\"@type\":\"Article\",\"@id\":\"https:\\\/\\\/centrumjudaicum.de\\\/internationaler-museumstag-geschichte-erleben-raeume-entdecken\\\/#article\",\"isPartOf\":{\"@id\":\"https:\\\/\\\/centrumjudaicum.de\\\/internationaler-museumstag-geschichte-erleben-raeume-entdecken\\\/\"},\"author\":{\"name\":\"J.Blechschmidt\",\"@id\":\"https:\\\/\\\/centrumjudaicum.de\\\/#\\\/schema\\\/person\\\/b48bf0e361aaaa497b1d40301f3fe763\"},\"headline\":\"Internationaler Museumstag Geschichte erleben, R\u00e4ume entdecken\",\"datePublished\":\"2026-04-28T09:54:02+00:00\",\"dateModified\":\"2026-04-28T09:55:13+00:00\",\"mainEntityOfPage\":{\"@id\":\"https:\\\/\\\/centrumjudaicum.de\\\/internationaler-museumstag-geschichte-erleben-raeume-entdecken\\\/\"},\"wordCount\":616,\"commentCount\":0,\"publisher\":{\"@id\":\"https:\\\/\\\/centrumjudaicum.de\\\/#organization\"},\"image\":{\"@id\":\"https:\\\/\\\/centrumjudaicum.de\\\/internationaler-museumstag-geschichte-erleben-raeume-entdecken\\\/#primaryimage\"},\"thumbnailUrl\":\"https:\\\/\\\/centrumjudaicum.de\\\/wp-content\\\/uploads\\\/2026\\\/04\\\/1.png\",\"keywords\":[\"Internationaler Museumstag\"],\"articleSection\":[\"News\"],\"inLanguage\":\"en-US\",\"potentialAction\":[{\"@type\":\"CommentAction\",\"name\":\"Comment\",\"target\":[\"https:\\\/\\\/centrumjudaicum.de\\\/internationaler-museumstag-geschichte-erleben-raeume-entdecken\\\/#respond\"]}]},{\"@type\":\"WebPage\",\"@id\":\"https:\\\/\\\/centrumjudaicum.de\\\/internationaler-museumstag-geschichte-erleben-raeume-entdecken\\\/\",\"url\":\"https:\\\/\\\/centrumjudaicum.de\\\/internationaler-museumstag-geschichte-erleben-raeume-entdecken\\\/\",\"name\":\"Internationaler Museumstag Geschichte erleben, R\u00e4ume entdecken - Centrum Judaicum\",\"isPartOf\":{\"@id\":\"https:\\\/\\\/centrumjudaicum.de\\\/#website\"},\"primaryImageOfPage\":{\"@id\":\"https:\\\/\\\/centrumjudaicum.de\\\/internationaler-museumstag-geschichte-erleben-raeume-entdecken\\\/#primaryimage\"},\"image\":{\"@id\":\"https:\\\/\\\/centrumjudaicum.de\\\/internationaler-museumstag-geschichte-erleben-raeume-entdecken\\\/#primaryimage\"},\"thumbnailUrl\":\"https:\\\/\\\/centrumjudaicum.de\\\/wp-content\\\/uploads\\\/2026\\\/04\\\/1.png\",\"datePublished\":\"2026-04-28T09:54:02+00:00\",\"dateModified\":\"2026-04-28T09:55:13+00:00\",\"breadcrumb\":{\"@id\":\"https:\\\/\\\/centrumjudaicum.de\\\/internationaler-museumstag-geschichte-erleben-raeume-entdecken\\\/#breadcrumb\"},\"inLanguage\":\"en-US\",\"potentialAction\":[{\"@type\":\"ReadAction\",\"target\":[\"https:\\\/\\\/centrumjudaicum.de\\\/internationaler-museumstag-geschichte-erleben-raeume-entdecken\\\/\"]}]},{\"@type\":\"ImageObject\",\"inLanguage\":\"en-US\",\"@id\":\"https:\\\/\\\/centrumjudaicum.de\\\/internationaler-museumstag-geschichte-erleben-raeume-entdecken\\\/#primaryimage\",\"url\":\"https:\\\/\\\/centrumjudaicum.de\\\/wp-content\\\/uploads\\\/2026\\\/04\\\/1.png\",\"contentUrl\":\"https:\\\/\\\/centrumjudaicum.de\\\/wp-content\\\/uploads\\\/2026\\\/04\\\/1.png\",\"width\":1200,\"height\":800},{\"@type\":\"BreadcrumbList\",\"@id\":\"https:\\\/\\\/centrumjudaicum.de\\\/internationaler-museumstag-geschichte-erleben-raeume-entdecken\\\/#breadcrumb\",\"itemListElement\":[{\"@type\":\"ListItem\",\"position\":1,\"name\":\"Home\",\"item\":\"https:\\\/\\\/centrumjudaicum.de\\\/\"},{\"@type\":\"ListItem\",\"position\":2,\"name\":\"Internationaler Museumstag Geschichte erleben, R\u00e4ume entdecken\"}]},{\"@type\":\"WebSite\",\"@id\":\"https:\\\/\\\/centrumjudaicum.de\\\/#website\",\"url\":\"https:\\\/\\\/centrumjudaicum.de\\\/\",\"name\":\"Centrum Judaicum\",\"description\":\"\",\"publisher\":{\"@id\":\"https:\\\/\\\/centrumjudaicum.de\\\/#organization\"},\"potentialAction\":[{\"@type\":\"SearchAction\",\"target\":{\"@type\":\"EntryPoint\",\"urlTemplate\":\"https:\\\/\\\/centrumjudaicum.de\\\/?s={search_term_string}\"},\"query-input\":{\"@type\":\"PropertyValueSpecification\",\"valueRequired\":true,\"valueName\":\"search_term_string\"}}],\"inLanguage\":\"en-US\"},{\"@type\":\"Organization\",\"@id\":\"https:\\\/\\\/centrumjudaicum.de\\\/#organization\",\"name\":\"Centrum Judaicum\",\"url\":\"https:\\\/\\\/centrumjudaicum.de\\\/\",\"logo\":{\"@type\":\"ImageObject\",\"inLanguage\":\"en-US\",\"@id\":\"https:\\\/\\\/centrumjudaicum.de\\\/#\\\/schema\\\/logo\\\/image\\\/\",\"url\":\"https:\\\/\\\/centrumjudaicum.de\\\/wp-content\\\/uploads\\\/2022\\\/10\\\/Logo_Stiftung_Neue_Synagoge_Berlin_Gold_.png\",\"contentUrl\":\"https:\\\/\\\/centrumjudaicum.de\\\/wp-content\\\/uploads\\\/2022\\\/10\\\/Logo_Stiftung_Neue_Synagoge_Berlin_Gold_.png\",\"width\":1188,\"height\":409,\"caption\":\"Centrum Judaicum\"},\"image\":{\"@id\":\"https:\\\/\\\/centrumjudaicum.de\\\/#\\\/schema\\\/logo\\\/image\\\/\"}},{\"@type\":\"Person\",\"@id\":\"https:\\\/\\\/centrumjudaicum.de\\\/#\\\/schema\\\/person\\\/b48bf0e361aaaa497b1d40301f3fe763\",\"name\":\"J.Blechschmidt\",\"url\":\"https:\\\/\\\/centrumjudaicum.de\\\/en\\\/author\\\/j-blechschmidt\\\/\"}]}<\/script>\n<!-- \/ Yoast SEO Premium plugin. -->","yoast_head_json":{"title":"Internationaler Museumstag Geschichte erleben, R\u00e4ume entdecken - Centrum Judaicum","robots":{"index":"index","follow":"follow","max-snippet":"max-snippet:-1","max-image-preview":"max-image-preview:large","max-video-preview":"max-video-preview:-1"},"canonical":"https:\/\/centrumjudaicum.de\/en\/internationaler-museumstag-geschichte-erleben-raeume-entdecken\/","og_locale":"en_US","og_type":"article","og_title":"Internationaler Museumstag Geschichte erleben, R\u00e4ume entdecken","og_description":"Internationaler Museumstag Geschichte erleben, R\u00e4ume entdecken In diesem Jahr beteiligt sich die Stiftung Neue Synagoge Berlin \u2013 Centrum Judaicum am Internationalen Museumstag.Am Sonntag, 17. Mai 2026, \u00f6ffnen wir unsere T\u00fcren [&hellip;]","og_url":"https:\/\/centrumjudaicum.de\/en\/internationaler-museumstag-geschichte-erleben-raeume-entdecken\/","og_site_name":"Centrum Judaicum","article_published_time":"2026-04-28T09:54:02+00:00","article_modified_time":"2026-04-28T09:55:13+00:00","og_image":[{"width":1200,"height":800,"url":"https:\/\/centrumjudaicum.de\/wp-content\/uploads\/2026\/04\/1.png","type":"image\/png"}],"author":"J.Blechschmidt","twitter_card":"summary_large_image","twitter_misc":{"Written by":"J.Blechschmidt","Est. reading time":"4 minutes"},"schema":{"@context":"https:\/\/schema.org","@graph":[{"@type":"Article","@id":"https:\/\/centrumjudaicum.de\/internationaler-museumstag-geschichte-erleben-raeume-entdecken\/#article","isPartOf":{"@id":"https:\/\/centrumjudaicum.de\/internationaler-museumstag-geschichte-erleben-raeume-entdecken\/"},"author":{"name":"J.Blechschmidt","@id":"https:\/\/centrumjudaicum.de\/#\/schema\/person\/b48bf0e361aaaa497b1d40301f3fe763"},"headline":"Internationaler Museumstag Geschichte erleben, R\u00e4ume entdecken","datePublished":"2026-04-28T09:54:02+00:00","dateModified":"2026-04-28T09:55:13+00:00","mainEntityOfPage":{"@id":"https:\/\/centrumjudaicum.de\/internationaler-museumstag-geschichte-erleben-raeume-entdecken\/"},"wordCount":616,"commentCount":0,"publisher":{"@id":"https:\/\/centrumjudaicum.de\/#organization"},"image":{"@id":"https:\/\/centrumjudaicum.de\/internationaler-museumstag-geschichte-erleben-raeume-entdecken\/#primaryimage"},"thumbnailUrl":"https:\/\/centrumjudaicum.de\/wp-content\/uploads\/2026\/04\/1.png","keywords":["Internationaler Museumstag"],"articleSection":["News"],"inLanguage":"en-US","potentialAction":[{"@type":"CommentAction","name":"Comment","target":["https:\/\/centrumjudaicum.de\/internationaler-museumstag-geschichte-erleben-raeume-entdecken\/#respond"]}]},{"@type":"WebPage","@id":"https:\/\/centrumjudaicum.de\/internationaler-museumstag-geschichte-erleben-raeume-entdecken\/","url":"https:\/\/centrumjudaicum.de\/internationaler-museumstag-geschichte-erleben-raeume-entdecken\/","name":"Internationaler Museumstag Geschichte erleben, R\u00e4ume entdecken - Centrum Judaicum","isPartOf":{"@id":"https:\/\/centrumjudaicum.de\/#website"},"primaryImageOfPage":{"@id":"https:\/\/centrumjudaicum.de\/internationaler-museumstag-geschichte-erleben-raeume-entdecken\/#primaryimage"},"image":{"@id":"https:\/\/centrumjudaicum.de\/internationaler-museumstag-geschichte-erleben-raeume-entdecken\/#primaryimage"},"thumbnailUrl":"https:\/\/centrumjudaicum.de\/wp-content\/uploads\/2026\/04\/1.png","datePublished":"2026-04-28T09:54:02+00:00","dateModified":"2026-04-28T09:55:13+00:00","breadcrumb":{"@id":"https:\/\/centrumjudaicum.de\/internationaler-museumstag-geschichte-erleben-raeume-entdecken\/#breadcrumb"},"inLanguage":"en-US","potentialAction":[{"@type":"ReadAction","target":["https:\/\/centrumjudaicum.de\/internationaler-museumstag-geschichte-erleben-raeume-entdecken\/"]}]},{"@type":"ImageObject","inLanguage":"en-US","@id":"https:\/\/centrumjudaicum.de\/internationaler-museumstag-geschichte-erleben-raeume-entdecken\/#primaryimage","url":"https:\/\/centrumjudaicum.de\/wp-content\/uploads\/2026\/04\/1.png","contentUrl":"https:\/\/centrumjudaicum.de\/wp-content\/uploads\/2026\/04\/1.png","width":1200,"height":800},{"@type":"BreadcrumbList","@id":"https:\/\/centrumjudaicum.de\/internationaler-museumstag-geschichte-erleben-raeume-entdecken\/#breadcrumb","itemListElement":[{"@type":"ListItem","position":1,"name":"Home","item":"https:\/\/centrumjudaicum.de\/"},{"@type":"ListItem","position":2,"name":"Internationaler Museumstag Geschichte erleben, R\u00e4ume entdecken"}]},{"@type":"WebSite","@id":"https:\/\/centrumjudaicum.de\/#website","url":"https:\/\/centrumjudaicum.de\/","name":"Centrum Judaicum","description":"","publisher":{"@id":"https:\/\/centrumjudaicum.de\/#organization"},"potentialAction":[{"@type":"SearchAction","target":{"@type":"EntryPoint","urlTemplate":"https:\/\/centrumjudaicum.de\/?s={search_term_string}"},"query-input":{"@type":"PropertyValueSpecification","valueRequired":true,"valueName":"search_term_string"}}],"inLanguage":"en-US"},{"@type":"Organization","@id":"https:\/\/centrumjudaicum.de\/#organization","name":"Centrum Judaicum","url":"https:\/\/centrumjudaicum.de\/","logo":{"@type":"ImageObject","inLanguage":"en-US","@id":"https:\/\/centrumjudaicum.de\/#\/schema\/logo\/image\/","url":"https:\/\/centrumjudaicum.de\/wp-content\/uploads\/2022\/10\/Logo_Stiftung_Neue_Synagoge_Berlin_Gold_.png","contentUrl":"https:\/\/centrumjudaicum.de\/wp-content\/uploads\/2022\/10\/Logo_Stiftung_Neue_Synagoge_Berlin_Gold_.png","width":1188,"height":409,"caption":"Centrum Judaicum"},"image":{"@id":"https:\/\/centrumjudaicum.de\/#\/schema\/logo\/image\/"}},{"@type":"Person","@id":"https:\/\/centrumjudaicum.de\/#\/schema\/person\/b48bf0e361aaaa497b1d40301f3fe763","name":"J.Blechschmidt","url":"https:\/\/centrumjudaicum.de\/en\/author\/j-blechschmidt\/"}]}},"ticketed":false,"_links":{"self":[{"href":"https:\/\/centrumjudaicum.de\/en\/wp-json\/wp\/v2\/posts\/26826","targetHints":{"allow":["GET"]}}],"collection":[{"href":"https:\/\/centrumjudaicum.de\/en\/wp-json\/wp\/v2\/posts"}],"about":[{"href":"https:\/\/centrumjudaicum.de\/en\/wp-json\/wp\/v2\/types\/post"}],"author":[{"embeddable":true,"href":"https:\/\/centrumjudaicum.de\/en\/wp-json\/wp\/v2\/users\/3"}],"replies":[{"embeddable":true,"href":"https:\/\/centrumjudaicum.de\/en\/wp-json\/wp\/v2\/comments?post=26826"}],"version-history":[{"count":5,"href":"https:\/\/centrumjudaicum.de\/en\/wp-json\/wp\/v2\/posts\/26826\/revisions"}],"predecessor-version":[{"id":26831,"href":"https:\/\/centrumjudaicum.de\/en\/wp-json\/wp\/v2\/posts\/26826\/revisions\/26831"}],"wp:featuredmedia":[{"embeddable":true,"href":"https:\/\/centrumjudaicum.de\/en\/wp-json\/wp\/v2\/media\/26724"}],"wp:attachment":[{"href":"https:\/\/centrumjudaicum.de\/en\/wp-json\/wp\/v2\/media?parent=26826"}],"wp:term":[{"taxonomy":"category","embeddable":true,"href":"https:\/\/centrumjudaicum.de\/en\/wp-json\/wp\/v2\/categories?post=26826"},{"taxonomy":"post_tag","embeddable":true,"href":"https:\/\/centrumjudaicum.de\/en\/wp-json\/wp\/v2\/tags?post=26826"}],"curies":[{"name":"wp","href":"https:\/\/api.w.org\/{rel}","templated":true}]}}